{"id":7630,"date":"2023-09-03T18:27:28","date_gmt":"2023-09-03T22:27:28","guid":{"rendered":"https:\/\/webdealta.info\/?p=7630"},"modified":"2023-09-03T18:27:29","modified_gmt":"2023-09-03T22:27:29","slug":"ciudadano-en-linea-alertan-que-falla-de-borde-esta-mas-grande","status":"publish","type":"post","link":"https:\/\/webdealta.info\/?p=7630","title":{"rendered":"Ciudadano en l\u00ednea: alertan que falla de borde est\u00e1 \u201cm\u00e1s grande\u201d"},"content":{"rendered":"\n<p>Amanda Saldivia.-<\/p>\n\n\n\n<p>Con evidencias fotogr\u00e1ficas, un usuario de la troncal 11 alert\u00f3 sobre el peligro que representa la falla de borde ubicada entre el puente de Memo y la entrada del caser\u00edo Tuira, jurisdicci\u00f3n de la parroquia San Rafael de Orituco, municipio Jos\u00e9 Tadeo Monagas, Gu\u00e1rico.<\/p>\n\n\n\n<p>El infociudadano fue Abner Guillen, quien envi\u00f3 fotograf\u00edas y un video a este medio digital, con un mensaje alusivo al deterioro de ese tramo, con la advertencia de que \u201cla falla de borde cerca de Memo est\u00e1 cada vez m\u00e1s grande\u201d.<\/p>\n\n\n\n<p>Hasta el momento se desconoce si hay alg\u00fan plan aprobado para la reparaci\u00f3n de ese punto de la vialidad, solo la acci\u00f3n de Protecci\u00f3n Civil, instituci\u00f3n que coloc\u00f3 se\u00f1ales que sirven de advertencia a los conductores y el monitoreo que hace CANTV, porque est\u00e1 en riesgo la fibra \u00f3ptica.<\/p>\n\n\n\n<p>@amandasaldivia  <\/p>\n\n\n\n<p><\/p>\n","protected":false},"excerpt":{"rendered":"<p>Amanda Saldivia.- Con evidencias fotogr\u00e1ficas, un usuario de la troncal 11 alert\u00f3 sobre el peligro que representa la falla de borde ubicada entre el puente de Memo y la entrada del caser\u00edo Tuira, jurisdicci\u00f3n de la parroquia San Rafael de Orituco, municipio Jos\u00e9 Tadeo Monagas, Gu\u00e1rico. El infociudadano fue Abner<\/p>\n","protected":false},"author":2,"featured_media":7631,"comment_status":"open","ping_status":"open","sticky":false,"template":"","format":"standard","meta":{"advanced_seo_description":"","jetpack_seo_html_title":"","jetpack_seo_noindex":false,"_jetpack_memberships_contains_paid_content":false,"footnotes":"","jetpack_publicize_message":"","jetpack_publicize_feature_enabled":true,"jetpack_social_post_already_shared":true,"jetpack_social_options":{"image_generator_settings":{"template":"highway","enabled":false},"version":2}},"categories":[2,251],"tags":[8,7,32],"class_list":["post-7630","post","type-post","status-publish","format-standard","has-post-thumbnail","hentry","category-infociudadano","category-webdealta","tag-altagraciadeorituco","tag-guarico","tag-webdealta",""],"jetpack_publicize_connections":[],"jetpack_featured_media_url":"https:\/\/webdealta.info\/wp-content\/uploads\/2023\/09\/falla-de-borde.png","jetpack_sharing_enabled":true,"jetpack_likes_enabled":true,"jetpack-related-posts":[],"jetpack_shortlink":"https:\/\/wp.me\/pcseDn-1Z4","_links":{"self":[{"href":"https:\/\/webdealta.info\/index.php?rest_route=\/wp\/v2\/posts\/7630","targetHints":{"allow":["GET"]}}],"collection":[{"href":"https:\/\/webdealta.info\/index.php?rest_route=\/wp\/v2\/posts"}],"about":[{"href":"https:\/\/webdealta.info\/index.php?rest_route=\/wp\/v2\/types\/post"}],"author":[{"embeddable":true,"href":"https:\/\/webdealta.info\/index.php?rest_route=\/wp\/v2\/users\/2"}],"replies":[{"embeddable":true,"href":"https:\/\/webdealta.info\/index.php?rest_route=%2Fwp%2Fv2%2Fcomments&post=7630"}],"version-history":[{"count":1,"href":"https:\/\/webdealta.info\/index.php?rest_route=\/wp\/v2\/posts\/7630\/revisions"}],"predecessor-version":[{"id":7632,"href":"https:\/\/webdealta.info\/index.php?rest_route=\/wp\/v2\/posts\/7630\/revisions\/7632"}],"wp:featuredmedia":[{"embeddable":true,"href":"https:\/\/webdealta.info\/index.php?rest_route=\/wp\/v2\/media\/7631"}],"wp:attachment":[{"href":"https:\/\/webdealta.info\/index.php?rest_route=%2Fwp%2Fv2%2Fmedia&parent=7630"}],"wp:term":[{"taxonomy":"category","embeddable":true,"href":"https:\/\/webdealta.info\/index.php?rest_route=%2Fwp%2Fv2%2Fcategories&post=7630"},{"taxonomy":"post_tag","embeddable":true,"href":"https:\/\/webdealta.info\/index.php?rest_route=%2Fwp%2Fv2%2Ftags&post=7630"}],"curies":[{"name":"wp","href":"https:\/\/api.w.org\/{rel}","templated":true}]}}