{"id":7626,"date":"2023-09-03T18:06:54","date_gmt":"2023-09-03T22:06:54","guid":{"rendered":"https:\/\/webdealta.info\/?p=7626"},"modified":"2023-09-03T18:06:56","modified_gmt":"2023-09-03T22:06:56","slug":"zona-economica-especial-permitira-convenios-nacionales-e-internacionales","status":"publish","type":"post","link":"https:\/\/webdealta.info\/?p=7626","title":{"rendered":"Zona Econ\u00f3mica Especial permitir\u00e1 convenios nacionales e internacionales"},"content":{"rendered":"\n<p>Con el objetivo de potenciar el sector productivo e industrial en pro de la prosperidad econ\u00f3mica, el ministro del Poder Popular para la Agricultura Productiva y Tierras, junto con el gobernador del estado Gu\u00e1rico sostuvieron una amena conversaci\u00f3n sobre la Zona Econ\u00f3mica Especial Agroalimentaria (Zeeao).<\/p>\n\n\n\n<p>En este sentido, el comandante Wilmar Castro Soteldo, ministro del Poder Popular para la Agricultura Productiva y Tierras, enfatiz\u00f3 que la creaci\u00f3n de la Zona Econ\u00f3mica Especial Agroalimentaria y Pesquera por parte del presidente Nicol\u00e1s Maduro, promueve fortalecer la distribuci\u00f3n y comercializaci\u00f3n de los alimentos a las familias venezolanas.<\/p>\n\n\n\n<p>Vale destacar que el eje oriental posee 5.453.704 hect\u00e1reas y los dirigentes de tales sectores han puesto en marcha los trabajos para \u201cpulir este n\u00famero y hacer la caracterizaci\u00f3n agr\u00edcola, pecuaria, pesquera y acu\u00edcola que tiene la regi\u00f3n, adem\u00e1s tiene una potencialidad en infraestructura agroindustrial\u201d, destac\u00f3 el ministro Castro.<\/p>\n\n\n\n<p><strong>Zeeao a la defensa agroalimentaria<\/strong><\/p>\n\n\n\n<p>La Zeeao abarca territorios de los estados Gu\u00e1rico, Anzo\u00e1tegui, Monagas, Sucre y Bol\u00edvar, en donde se producir\u00e1 soya, ma\u00edz, sorgo, man\u00ed, merey; ganader\u00eda bovina, caprina y bufalina; producci\u00f3n forestal de leguminosas, algod\u00f3n y girasol, entre otras, adem\u00e1s estar\u00e1 disponible para inversionistas peque\u00f1os, medianos y grandes, tanto nacionales como internacionales.<\/p>\n\n\n\n<p>Cabe resaltar que, esta iniciativa forma parte de una estrategia para fomentar la participaci\u00f3n de empresarios e inversionistas de los pa\u00edses BRICS (Brasil, Rusia, India, China y Sud\u00e1frica).<\/p>\n\n\n\n<p><strong>Gu\u00e1rico presente en la Zeeao<\/strong><\/p>\n\n\n\n<p>Al respecto, el gobernador Jos\u00e9 V\u00e1squez describi\u00f3 la acci\u00f3n del presidente como oportuna y adecuada, puesto que el esfuerzo en conjunto planear\u00e1 el desarrollo econ\u00f3mico al organizar las pol\u00edticas pecuarias para la producci\u00f3n de alimentos \u201ctoda esta cartera sincronizada sobre la realidad, nos va a permitir articular grandes esfuerzos de inversi\u00f3n, de producci\u00f3n y sobre todo en soberan\u00eda nacional\u201d, recalc\u00f3.<\/p>\n\n\n\n<p>Del mismo modo, el mandatario regional mencion\u00f3 que Gu\u00e1rico tiene 3.700.000 hect\u00e1reas, representando una destacable cantidad cultivable, que ser\u00e1n fortalecidas con las acciones del presidente Maduro, como parte de \u201cun nuevo modelo productivo, una nueva cultura productiva &nbsp;con la que le estamos diciendo a nuestro pa\u00eds: S\u00ed, es posible\u201d.<\/p>\n\n\n\n<p>Finalmente, la maniobra nacional econ\u00f3mica del modelo productivo que unifica las regiones como una sola, por su potencial econ\u00f3mico, productivo e industrial, impulsa el compromiso de las potencias productivas, integradas por las organizaciones de campesinos y productores independientes, a fin de sumarse en el proyecto nacional.  <\/p>\n\n\n\n<p>Sibci Gu\u00e1rico<\/p>\n\n\n\n<p>Foto cortes\u00eda Sibci Gu\u00e1rico<\/p>\n\n\n\n<p><\/p>\n","protected":false},"excerpt":{"rendered":"<p>Con el objetivo de potenciar el sector productivo e industrial en pro de la prosperidad econ\u00f3mica, el ministro del Poder Popular para la Agricultura Productiva y Tierras, junto con el gobernador del estado Gu\u00e1rico sostuvieron una amena conversaci\u00f3n sobre la Zona Econ\u00f3mica Especial Agroalimentaria (Zeeao). En este sentido, el comandante<\/p>\n","protected":false},"author":2,"featured_media":7627,"comment_status":"open","ping_status":"open","sticky":false,"template":"","format":"standard","meta":{"advanced_seo_description":"","jetpack_seo_html_title":"","jetpack_seo_noindex":false,"_jetpack_memberships_contains_paid_content":false,"footnotes":"","jetpack_publicize_message":"","jetpack_publicize_feature_enabled":true,"jetpack_social_post_already_shared":true,"jetpack_social_options":{"image_generator_settings":{"template":"highway","enabled":false},"version":2}},"categories":[19,284,251],"tags":[8,7,32],"class_list":["post-7626","post","type-post","status-publish","format-standard","has-post-thumbnail","hentry","category-agro","category-gobierno-de-guarico","category-webdealta","tag-altagraciadeorituco","tag-guarico","tag-webdealta",""],"jetpack_publicize_connections":[],"jetpack_featured_media_url":"https:\/\/webdealta.info\/wp-content\/uploads\/2023\/09\/siembra-maiz-webdealta.png","jetpack_sharing_enabled":true,"jetpack_likes_enabled":true,"jetpack-related-posts":[],"jetpack_shortlink":"https:\/\/wp.me\/pcseDn-1Z0","_links":{"self":[{"href":"https:\/\/webdealta.info\/index.php?rest_route=\/wp\/v2\/posts\/7626","targetHints":{"allow":["GET"]}}],"collection":[{"href":"https:\/\/webdealta.info\/index.php?rest_route=\/wp\/v2\/posts"}],"about":[{"href":"https:\/\/webdealta.info\/index.php?rest_route=\/wp\/v2\/types\/post"}],"author":[{"embeddable":true,"href":"https:\/\/webdealta.info\/index.php?rest_route=\/wp\/v2\/users\/2"}],"replies":[{"embeddable":true,"href":"https:\/\/webdealta.info\/index.php?rest_route=%2Fwp%2Fv2%2Fcomments&post=7626"}],"version-history":[{"count":1,"href":"https:\/\/webdealta.info\/index.php?rest_route=\/wp\/v2\/posts\/7626\/revisions"}],"predecessor-version":[{"id":7628,"href":"https:\/\/webdealta.info\/index.php?rest_route=\/wp\/v2\/posts\/7626\/revisions\/7628"}],"wp:featuredmedia":[{"embeddable":true,"href":"https:\/\/webdealta.info\/index.php?rest_route=\/wp\/v2\/media\/7627"}],"wp:attachment":[{"href":"https:\/\/webdealta.info\/index.php?rest_route=%2Fwp%2Fv2%2Fmedia&parent=7626"}],"wp:term":[{"taxonomy":"category","embeddable":true,"href":"https:\/\/webdealta.info\/index.php?rest_route=%2Fwp%2Fv2%2Fcategories&post=7626"},{"taxonomy":"post_tag","embeddable":true,"href":"https:\/\/webdealta.info\/index.php?rest_route=%2Fwp%2Fv2%2Ftags&post=7626"}],"curies":[{"name":"wp","href":"https:\/\/api.w.org\/{rel}","templated":true}]}}