{"id":7623,"date":"2023-09-03T17:56:35","date_gmt":"2023-09-03T21:56:35","guid":{"rendered":"https:\/\/webdealta.info\/?p=7623"},"modified":"2023-09-03T17:56:36","modified_gmt":"2023-09-03T21:56:36","slug":"menos-lluvias-y-mas-calor-en-agosto-reporto-estacion-yv5ve","status":"publish","type":"post","link":"https:\/\/webdealta.info\/?p=7623","title":{"rendered":"Menos lluvias y m\u00e1s calor en agosto report\u00f3 estaci\u00f3n YV5VE"},"content":{"rendered":"\n<p>Amanda Saldivia.-<\/p>\n\n\n\n<p>En el mes de agosto de 2023 hubo menos precipitaciones que en julio de este mismo a\u00f1o e igualmente se registr\u00f3 una temperatura promedio de 0.9 cent\u00edgrados m\u00e1s, as\u00ed como un aumento de la radiaci\u00f3n solar, lo que trajo como consecuencia una mayor sensaci\u00f3n t\u00e9rmica.<\/p>\n\n\n\n<p>La informaci\u00f3n corresponde a los registros de la Estaci\u00f3n Meteorol\u00f3gica YV5VE, operada por William Fourneau, radioaficionado y observador del clima en la poblaci\u00f3n de Altagracia de Orituco, Gu\u00e1rico.<\/p>\n\n\n\n<p>A continuaci\u00f3n, el resumen del mes de agosto:<\/p>\n\n\n\n<p><strong>Estaci\u00f3n Meteorol\u00f3gica YV5VE<\/strong><\/p>\n\n\n\n<p>Ubicaci\u00f3n: Lat: 09.51.08N Lon: 66.22.48W<\/p>\n\n\n\n<p>Altagracia de Orituco, estado Gu\u00e1rico.<\/p>\n\n\n\n<p>&nbsp;Altitud: 350 m.s.n.m<\/p>\n\n\n\n<p>Datos del mes de Agosto 2023<\/p>\n\n\n\n<p>Temperatura promedio: 27.2 cent\u00edgrados<\/p>\n\n\n\n<p>Temperatura m\u00e1s alta: 34.9 c. (28\/08\/23 2:34 pm)<\/p>\n\n\n\n<p>Temperatura m\u00e1s baja: 21.2 c. (21\/08\/2023 3:29 am)<\/p>\n\n\n\n<p>Humedad promedio: 79.5 %<\/p>\n\n\n\n<p>Humedad m\u00e1s alta: 99% (02\/08\/2023 6:09 am)<\/p>\n\n\n\n<p>Humedad m\u00e1s baja: 49% (31\/08\/2023 3:04 pm<\/p>\n\n\n\n<p>Presi\u00f3n Promedio: 1010.2 hpa<\/p>\n\n\n\n<p>Presi\u00f3n m\u00e1s alta: 1015.3hpa (29\/08\/2023 9:49 AM)<\/p>\n\n\n\n<p>Presi\u00f3n m\u00e1s baja: 1004.5 hpa (19\/08\/2023 4:54 pm)<\/p>\n\n\n\n<p>Velocidad del viento promedio: 2.7 km\/h<\/p>\n\n\n\n<p>Velocidad m\u00e1s Alta: 21.2 km\/h (7\/08\/2023 4:29 pm)<\/p>\n\n\n\n<p>R\u00e1fagas de viento promedio: 3.7 km\/h<\/p>\n\n\n\n<p>R\u00e1faga m\u00e1s alta: 22.0 km\/h (22\/08\/2023 9:34 pm)<\/p>\n\n\n\n<p>Direcci\u00f3n viento promedio: NE<\/p>\n\n\n\n<p>Total Precipitado: 164.1 mm<\/p>\n\n\n\n<p>M\u00e1xima precipitaci\u00f3n: 52.10 mm (20\/08\/2023 11:24 PM)<\/p>\n\n\n\n<p>Intensidad lluvia promedio: 0.2 mm\/h<\/p>\n\n\n\n<p>M\u00e1xima intensidad: 118.8 mm (20\/08\/2023 4:14 PM)<\/p>\n\n\n\n<p>Radiaci\u00f3n solar promedio: 186.6 w\/M2<\/p>\n\n\n\n<p>\u00cdndice UV promedio: 1.6<\/p>\n\n\n\n<p>Observaci\u00f3n:<\/p>\n\n\n\n<p>Agosto fue menos lluvioso que julio (Diferencia de 126.9 mm), se evidencia aumento en la temperatura promedio (0.9 cent\u00edgrados +) y aumento en la Radiaci\u00f3n Solar (15.4 W\/M2 +) lo que aument\u00f3 la sensaci\u00f3n t\u00e9rmica.  <\/p>\n\n\n\n<p>@amandasaldivia   <\/p>\n\n\n\n<p><\/p>\n","protected":false},"excerpt":{"rendered":"<p>Amanda Saldivia.- En el mes de agosto de 2023 hubo menos precipitaciones que en julio de este mismo a\u00f1o e igualmente se registr\u00f3 una temperatura promedio de 0.9 cent\u00edgrados m\u00e1s, as\u00ed como un aumento de la radiaci\u00f3n solar, lo que trajo como consecuencia una mayor sensaci\u00f3n t\u00e9rmica. La informaci\u00f3n corresponde<\/p>\n","protected":false},"author":2,"featured_media":7278,"comment_status":"open","ping_status":"open","sticky":false,"template":"","format":"standard","meta":{"advanced_seo_description":"","jetpack_seo_html_title":"","jetpack_seo_noindex":false,"_jetpack_memberships_contains_paid_content":false,"footnotes":"","jetpack_publicize_message":"","jetpack_publicize_feature_enabled":true,"jetpack_social_post_already_shared":true,"jetpack_social_options":{"image_generator_settings":{"template":"highway","enabled":false},"version":2}},"categories":[316,251],"tags":[8,7,32],"class_list":["post-7623","post","type-post","status-publish","format-standard","has-post-thumbnail","hentry","category-clima","category-webdealta","tag-altagraciadeorituco","tag-guarico","tag-webdealta",""],"jetpack_publicize_connections":[],"jetpack_featured_media_url":"https:\/\/webdealta.info\/wp-content\/uploads\/2023\/07\/clima-estacion-yv5ve-webdealta.png","jetpack_sharing_enabled":true,"jetpack_likes_enabled":true,"jetpack-related-posts":[],"jetpack_shortlink":"https:\/\/wp.me\/pcseDn-1YX","_links":{"self":[{"href":"https:\/\/webdealta.info\/index.php?rest_route=\/wp\/v2\/posts\/7623","targetHints":{"allow":["GET"]}}],"collection":[{"href":"https:\/\/webdealta.info\/index.php?rest_route=\/wp\/v2\/posts"}],"about":[{"href":"https:\/\/webdealta.info\/index.php?rest_route=\/wp\/v2\/types\/post"}],"author":[{"embeddable":true,"href":"https:\/\/webdealta.info\/index.php?rest_route=\/wp\/v2\/users\/2"}],"replies":[{"embeddable":true,"href":"https:\/\/webdealta.info\/index.php?rest_route=%2Fwp%2Fv2%2Fcomments&post=7623"}],"version-history":[{"count":1,"href":"https:\/\/webdealta.info\/index.php?rest_route=\/wp\/v2\/posts\/7623\/revisions"}],"predecessor-version":[{"id":7624,"href":"https:\/\/webdealta.info\/index.php?rest_route=\/wp\/v2\/posts\/7623\/revisions\/7624"}],"wp:featuredmedia":[{"embeddable":true,"href":"https:\/\/webdealta.info\/index.php?rest_route=\/wp\/v2\/media\/7278"}],"wp:attachment":[{"href":"https:\/\/webdealta.info\/index.php?rest_route=%2Fwp%2Fv2%2Fmedia&parent=7623"}],"wp:term":[{"taxonomy":"category","embeddable":true,"href":"https:\/\/webdealta.info\/index.php?rest_route=%2Fwp%2Fv2%2Fcategories&post=7623"},{"taxonomy":"post_tag","embeddable":true,"href":"https:\/\/webdealta.info\/index.php?rest_route=%2Fwp%2Fv2%2Ftags&post=7623"}],"curies":[{"name":"wp","href":"https:\/\/api.w.org\/{rel}","templated":true}]}}