{"id":7617,"date":"2023-09-03T17:24:07","date_gmt":"2023-09-03T21:24:07","guid":{"rendered":"https:\/\/webdealta.info\/?p=7617"},"modified":"2023-09-03T17:24:16","modified_gmt":"2023-09-03T21:24:16","slug":"el-poder-del-conocimiento-la-leyenda-de-minas-de-oro-en-el-orituco","status":"publish","type":"post","link":"https:\/\/webdealta.info\/?p=7617","title":{"rendered":"El Poder del Conocimiento: la leyenda de minas de oro en el Orituco"},"content":{"rendered":"\n<p>Amanda Saldivia.-<\/p>\n\n\n\n<p>Las leyendas perduran en el tiempo. Son esas historias que emergen eventualmente, porque pasaron de una generaci\u00f3n a otra por medio de la narraci\u00f3n oral y por m\u00e1s que se hayan aclarado, siempre surge la duda.<\/p>\n\n\n\n<p>Una de esas leyendas del Orituco es la existencia de minas de oro. A\u00fan en nuestros d\u00edas se escuchan especulaciones sobre ese tema que se supondr\u00eda fue suficientemente aclarado en d\u00e9cadas anteriores, incluso a mediados del siglo XX.<\/p>\n\n\n\n<p>Es que la existencia de minas de oro en el Orituco es tan interesante que est\u00e1 en la p\u00e1gina 13 del libro titulado El d\u00eda en que un cometa chocar\u00eda con la Tierra, cr\u00f3nicas de Altagracia de Orituco, cuyo autor es el periodista e historiador Pedro Calzadilla \u00c1lvarez, quien no dudo en incluirlo en los relatos sobre su tierra natal.<\/p>\n\n\n\n<p>En \u00e9l menciona, que en 1941 el tema se debati\u00f3 en el sal\u00f3n de clases, donde se le pregunt\u00f3 al maestro Jos\u00e9 \u00c1ngel Adames sobre la existencia de las tales minas y este les respondi\u00f3 que iba a narrarles lo que conoc\u00eda de esa vieja leyenda.<\/p>\n\n\n\n<p>Se dice que alrededor de 1600 los espa\u00f1oles llegaron a este valle por el norte en una expedici\u00f3n que fracas\u00f3, porque no hab\u00eda oro en estas tierras\u2026por lo que culmin\u00f3 \u201cesas referencias al oro de Apa y Carapa, y de las minas de Chac\u00f3n y del capit\u00e1n Silva, son solo leyendas y, como tales no val\u00eda la pena perder el tiempo discutiendo sobre si existieron o no\u00bb.<\/p>\n\n\n\n<p>Como ni\u00f1os curiosos, se fueron a preguntarle al se\u00f1or Pablo Paz Castillo de 90 a\u00f1os de edad, quien afirm\u00f3 que los espa\u00f1oles si recorrieron el Orituco en busca de oro, hicieron excavaciones por los morros de Macaira y Apamate, pero no encontraron nada.<\/p>\n\n\n\n<p>Es que, durante la conquista, los espa\u00f1oles organizaban expediciones en busca de oro y de all\u00ed la supuesta explotaci\u00f3n de las minas de Apa y Carapa, \u201cdos peque\u00f1as quebradas afluentes del r\u00edo Taguaza, tributario del Tuy, cercanas a lo que se conoce hoy en d\u00eda como Arag\u00fcita.<\/p>\n\n\n\n<p>Mencion\u00f3 el se\u00f1or Paz Castillo en su relato, que tanto en Arag\u00fcita como en Altagracia la leyenda de las minas todav\u00eda persiste, pero que \u201cen el Orituco el \u00fanico oro que existi\u00f3 fue el cacao que los espa\u00f1oles llegaron a producir, con el esfuerzo y sudor de los esclavos negros que trajeron de Barlovento, porque los indios nunca aceptaron someterse a la esclavitud\u201d.<\/p>\n\n\n\n<p>As\u00ed que la existencia de las minas de oro en el Orituco son una leyenda, pero como se mencion\u00f3 al comienzo, eventualmente sale el tema y m\u00e1s de uno tiene la firmen convicci\u00f3n de que si existi\u00f3 en esta tierra la explotaci\u00f3n de ese mineral dorado.<\/p>\n\n\n\n<p>@amandasaldivia  <\/p>\n\n\n\n<p><\/p>\n","protected":false},"excerpt":{"rendered":"<p>Amanda Saldivia.- Las leyendas perduran en el tiempo. Son esas historias que emergen eventualmente, porque pasaron de una generaci\u00f3n a otra por medio de la narraci\u00f3n oral y por m\u00e1s que se hayan aclarado, siempre surge la duda. Una de esas leyendas del Orituco es la existencia de minas de<\/p>\n","protected":false},"author":2,"featured_media":7618,"comment_status":"open","ping_status":"open","sticky":false,"template":"","format":"standard","meta":{"advanced_seo_description":"","jetpack_seo_html_title":"","jetpack_seo_noindex":false,"_jetpack_memberships_contains_paid_content":false,"footnotes":"","jetpack_publicize_message":"","jetpack_publicize_feature_enabled":true,"jetpack_social_post_already_shared":true,"jetpack_social_options":{"image_generator_settings":{"template":"highway","enabled":false},"version":2}},"categories":[302,251],"tags":[8,7,32],"class_list":["post-7617","post","type-post","status-publish","format-standard","has-post-thumbnail","hentry","category-el-poder-del-conocimiento","category-webdealta","tag-altagraciadeorituco","tag-guarico","tag-webdealta",""],"jetpack_publicize_connections":[],"jetpack_featured_media_url":"https:\/\/webdealta.info\/wp-content\/uploads\/2023\/09\/el-poder-del-conocimioento-webdealta-mapa-antoiguo.png","jetpack_sharing_enabled":true,"jetpack_likes_enabled":true,"jetpack-related-posts":[],"jetpack_shortlink":"https:\/\/wp.me\/pcseDn-1YR","_links":{"self":[{"href":"https:\/\/webdealta.info\/index.php?rest_route=\/wp\/v2\/posts\/7617","targetHints":{"allow":["GET"]}}],"collection":[{"href":"https:\/\/webdealta.info\/index.php?rest_route=\/wp\/v2\/posts"}],"about":[{"href":"https:\/\/webdealta.info\/index.php?rest_route=\/wp\/v2\/types\/post"}],"author":[{"embeddable":true,"href":"https:\/\/webdealta.info\/index.php?rest_route=\/wp\/v2\/users\/2"}],"replies":[{"embeddable":true,"href":"https:\/\/webdealta.info\/index.php?rest_route=%2Fwp%2Fv2%2Fcomments&post=7617"}],"version-history":[{"count":1,"href":"https:\/\/webdealta.info\/index.php?rest_route=\/wp\/v2\/posts\/7617\/revisions"}],"predecessor-version":[{"id":7619,"href":"https:\/\/webdealta.info\/index.php?rest_route=\/wp\/v2\/posts\/7617\/revisions\/7619"}],"wp:featuredmedia":[{"embeddable":true,"href":"https:\/\/webdealta.info\/index.php?rest_route=\/wp\/v2\/media\/7618"}],"wp:attachment":[{"href":"https:\/\/webdealta.info\/index.php?rest_route=%2Fwp%2Fv2%2Fmedia&parent=7617"}],"wp:term":[{"taxonomy":"category","embeddable":true,"href":"https:\/\/webdealta.info\/index.php?rest_route=%2Fwp%2Fv2%2Fcategories&post=7617"},{"taxonomy":"post_tag","embeddable":true,"href":"https:\/\/webdealta.info\/index.php?rest_route=%2Fwp%2Fv2%2Ftags&post=7617"}],"curies":[{"name":"wp","href":"https:\/\/api.w.org\/{rel}","templated":true}]}}