{"id":7613,"date":"2023-08-31T21:44:06","date_gmt":"2023-09-01T01:44:06","guid":{"rendered":"https:\/\/webdealta.info\/?p=7613"},"modified":"2023-08-31T21:44:07","modified_gmt":"2023-09-01T01:44:07","slug":"profesionales-preparan-a-candidatas-de-ferias-del-orituco-2023","status":"publish","type":"post","link":"https:\/\/webdealta.info\/?p=7613","title":{"rendered":"Profesionales preparan a candidatas de Ferias del Orituco 2023"},"content":{"rendered":"\n<p>Amanda Saldivia.-<\/p>\n\n\n\n<p>Comenzaron los ensayos para preparar a las aspirantes al reinado de las Ferias del Orituco 2023, responsabilidad que asumi\u00f3 la ex miss Maryuri Su\u00e1rez, acompa\u00f1ada por Miguel Ortiz @lagracitana, el core\u00f3grafo Rafael Mart\u00ednez y el estilista Lenin Torrealba.<\/p>\n\n\n\n<p>Para Miss Anzo\u00e1tegui 2006 se trata de una oportunidad para proyectar la belleza de esta tierra, con el compromiso de fortalecer a las candidatas con la formaci\u00f3n que les servir\u00e1 si deciden aspirar al Miss Venezuela o ingresar al mundo del modelaje.<\/p>\n\n\n\n<p>En la red social Instagram @webdealta el video con la entrevista y detalles del ensayo.<\/p>\n\n\n\n<p> <\/p>\n","protected":false},"excerpt":{"rendered":"<p>Amanda Saldivia.- Comenzaron los ensayos para preparar a las aspirantes al reinado de las Ferias del Orituco 2023, responsabilidad que asumi\u00f3 la ex miss Maryuri Su\u00e1rez, acompa\u00f1ada por Miguel Ortiz @lagracitana, el core\u00f3grafo Rafael Mart\u00ednez y el estilista Lenin Torrealba. Para Miss Anzo\u00e1tegui 2006 se trata de una oportunidad para<\/p>\n","protected":false},"author":2,"featured_media":7614,"comment_status":"open","ping_status":"open","sticky":false,"template":"","format":"standard","meta":{"advanced_seo_description":"","jetpack_seo_html_title":"","jetpack_seo_noindex":false,"_jetpack_memberships_contains_paid_content":false,"footnotes":"","jetpack_publicize_message":"","jetpack_publicize_feature_enabled":true,"jetpack_social_post_already_shared":true,"jetpack_social_options":{"image_generator_settings":{"template":"highway","enabled":false},"version":2}},"categories":[320,251],"tags":[8,7,32],"class_list":["post-7613","post","type-post","status-publish","format-standard","has-post-thumbnail","hentry","category-belleza","category-webdealta","tag-altagraciadeorituco","tag-guarico","tag-webdealta",""],"jetpack_publicize_connections":[],"jetpack_featured_media_url":"https:\/\/webdealta.info\/wp-content\/uploads\/2023\/08\/ferias-2023-reinas-webdealta.png","jetpack_sharing_enabled":true,"jetpack_likes_enabled":true,"jetpack-related-posts":[],"jetpack_shortlink":"https:\/\/wp.me\/pcseDn-1YN","_links":{"self":[{"href":"https:\/\/webdealta.info\/index.php?rest_route=\/wp\/v2\/posts\/7613","targetHints":{"allow":["GET"]}}],"collection":[{"href":"https:\/\/webdealta.info\/index.php?rest_route=\/wp\/v2\/posts"}],"about":[{"href":"https:\/\/webdealta.info\/index.php?rest_route=\/wp\/v2\/types\/post"}],"author":[{"embeddable":true,"href":"https:\/\/webdealta.info\/index.php?rest_route=\/wp\/v2\/users\/2"}],"replies":[{"embeddable":true,"href":"https:\/\/webdealta.info\/index.php?rest_route=%2Fwp%2Fv2%2Fcomments&post=7613"}],"version-history":[{"count":1,"href":"https:\/\/webdealta.info\/index.php?rest_route=\/wp\/v2\/posts\/7613\/revisions"}],"predecessor-version":[{"id":7615,"href":"https:\/\/webdealta.info\/index.php?rest_route=\/wp\/v2\/posts\/7613\/revisions\/7615"}],"wp:featuredmedia":[{"embeddable":true,"href":"https:\/\/webdealta.info\/index.php?rest_route=\/wp\/v2\/media\/7614"}],"wp:attachment":[{"href":"https:\/\/webdealta.info\/index.php?rest_route=%2Fwp%2Fv2%2Fmedia&parent=7613"}],"wp:term":[{"taxonomy":"category","embeddable":true,"href":"https:\/\/webdealta.info\/index.php?rest_route=%2Fwp%2Fv2%2Fcategories&post=7613"},{"taxonomy":"post_tag","embeddable":true,"href":"https:\/\/webdealta.info\/index.php?rest_route=%2Fwp%2Fv2%2Ftags&post=7613"}],"curies":[{"name":"wp","href":"https:\/\/api.w.org\/{rel}","templated":true}]}}