{"id":7595,"date":"2023-08-29T20:25:40","date_gmt":"2023-08-30T00:25:40","guid":{"rendered":"https:\/\/webdealta.info\/?p=7595"},"modified":"2023-08-29T20:25:51","modified_gmt":"2023-08-30T00:25:51","slug":"en-altagracia-inicia-novena-en-honor-a-la-virgen-del-valle","status":"publish","type":"post","link":"https:\/\/webdealta.info\/?p=7595","title":{"rendered":"En Altagracia inicia Novena en honor a la Virgen del Valle"},"content":{"rendered":"\n<p>Amanda Saldivia.-<\/p>\n\n\n\n<p>Aunque Altagracia de Orituco no es un pueblo oriental, desde hace tres a\u00f1os se celebra la festividad de la Virgen del Valle, gracias a la uni\u00f3n de los devotos de esta advocaci\u00f3n mariana, quienes se congregan en la parroquia San Jos\u00e9 Obrero, bajo la gu\u00eda espiritual del padre Luis M\u00e1rquez.<\/p>\n\n\n\n<p>Este martes 29 de agosto, Andy Laya y Juan Pablo Mendoza, como parte del comit\u00e9 organizador de las festividades religiosas en honor a la Virgen del Valle, dieron a conocer la programaci\u00f3n que tendr\u00e1n desde este mi\u00e9rcoles 30 de agosto hasta el jueves 7 de septiembre con las Novenas en las comunidades y el viernes 8 la eucarist\u00eda solemne.<\/p>\n\n\n\n<p>La festividad se regir\u00e1 por el siguiente programa:<\/p>\n\n\n\n<p>Novenas a las 5:30 pm<\/p>\n\n\n\n<p>30\/08 La Planta<\/p>\n\n\n\n<p>31\/08 Colinas del Orituco<\/p>\n\n\n\n<p>01\/09 Brisas del Estadio<\/p>\n\n\n\n<p>02\/09 Pueblo Nuevo<\/p>\n\n\n\n<p>03\/09 Sector Centro<\/p>\n\n\n\n<p>04\/09 Sim\u00f3n Bol\u00edvar<\/p>\n\n\n\n<p>05\/09 Tricentenario I<\/p>\n\n\n\n<p>06\/09 Vista Alegre<\/p>\n\n\n\n<p>07\/09 Tricentenario III<\/p>\n\n\n\n<p>08\/09 Serenata a la Virgen en la iglesia San Jos\u00e9 Obrero a las 6:00 am, procesi\u00f3n 4:00 pm \u00a0y Misa Solemne a las 5:30 pm. <\/p>\n\n\n\n<p>@amandasaldivia<\/p>\n\n\n\n<p><\/p>\n","protected":false},"excerpt":{"rendered":"<p>Amanda Saldivia.- Aunque Altagracia de Orituco no es un pueblo oriental, desde hace tres a\u00f1os se celebra la festividad de la Virgen del Valle, gracias a la uni\u00f3n de los devotos de esta advocaci\u00f3n mariana, quienes se congregan en la parroquia San Jos\u00e9 Obrero, bajo la gu\u00eda espiritual del padre<\/p>\n","protected":false},"author":2,"featured_media":7596,"comment_status":"open","ping_status":"open","sticky":false,"template":"","format":"standard","meta":{"advanced_seo_description":"","jetpack_seo_html_title":"","jetpack_seo_noindex":false,"_jetpack_memberships_contains_paid_content":false,"footnotes":"","jetpack_publicize_message":"","jetpack_publicize_feature_enabled":true,"jetpack_social_post_already_shared":true,"jetpack_social_options":{"image_generator_settings":{"template":"highway","enabled":false},"version":2}},"categories":[42,251],"tags":[8,7,32],"class_list":["post-7595","post","type-post","status-publish","format-standard","has-post-thumbnail","hentry","category-iglesia-catolica","category-webdealta","tag-altagraciadeorituco","tag-guarico","tag-webdealta",""],"jetpack_publicize_connections":[],"jetpack_featured_media_url":"https:\/\/webdealta.info\/wp-content\/uploads\/2023\/08\/virgen-del-valle-webdealta.png","jetpack_sharing_enabled":true,"jetpack_likes_enabled":true,"jetpack-related-posts":[],"jetpack_shortlink":"https:\/\/wp.me\/pcseDn-1Yv","_links":{"self":[{"href":"https:\/\/webdealta.info\/index.php?rest_route=\/wp\/v2\/posts\/7595","targetHints":{"allow":["GET"]}}],"collection":[{"href":"https:\/\/webdealta.info\/index.php?rest_route=\/wp\/v2\/posts"}],"about":[{"href":"https:\/\/webdealta.info\/index.php?rest_route=\/wp\/v2\/types\/post"}],"author":[{"embeddable":true,"href":"https:\/\/webdealta.info\/index.php?rest_route=\/wp\/v2\/users\/2"}],"replies":[{"embeddable":true,"href":"https:\/\/webdealta.info\/index.php?rest_route=%2Fwp%2Fv2%2Fcomments&post=7595"}],"version-history":[{"count":1,"href":"https:\/\/webdealta.info\/index.php?rest_route=\/wp\/v2\/posts\/7595\/revisions"}],"predecessor-version":[{"id":7597,"href":"https:\/\/webdealta.info\/index.php?rest_route=\/wp\/v2\/posts\/7595\/revisions\/7597"}],"wp:featuredmedia":[{"embeddable":true,"href":"https:\/\/webdealta.info\/index.php?rest_route=\/wp\/v2\/media\/7596"}],"wp:attachment":[{"href":"https:\/\/webdealta.info\/index.php?rest_route=%2Fwp%2Fv2%2Fmedia&parent=7595"}],"wp:term":[{"taxonomy":"category","embeddable":true,"href":"https:\/\/webdealta.info\/index.php?rest_route=%2Fwp%2Fv2%2Fcategories&post=7595"},{"taxonomy":"post_tag","embeddable":true,"href":"https:\/\/webdealta.info\/index.php?rest_route=%2Fwp%2Fv2%2Ftags&post=7595"}],"curies":[{"name":"wp","href":"https:\/\/api.w.org\/{rel}","templated":true}]}}