{"id":757,"date":"2020-11-16T20:51:57","date_gmt":"2020-11-17T00:51:57","guid":{"rendered":"https:\/\/webdealta.info\/?p=757"},"modified":"2020-11-16T20:52:00","modified_gmt":"2020-11-17T00:52:00","slug":"mas-aportes-para-reparar-el-motor","status":"publish","type":"post","link":"https:\/\/webdealta.info\/?p=757","title":{"rendered":"M\u00e1s aportes para reparar el motor"},"content":{"rendered":"\n<figure class=\"wp-block-image size-large\"><img loading=\"lazy\" decoding=\"async\" width=\"1000\" height=\"750\" src=\"https:\/\/webdealta.info\/wp-content\/uploads\/2020\/11\/WhatsApp-Image-2020-11-16-at-8.10.44-PM.jpeg\" alt=\"\" class=\"wp-image-758\" srcset=\"https:\/\/webdealta.info\/wp-content\/uploads\/2020\/11\/WhatsApp-Image-2020-11-16-at-8.10.44-PM.jpeg 1000w, https:\/\/webdealta.info\/wp-content\/uploads\/2020\/11\/WhatsApp-Image-2020-11-16-at-8.10.44-PM.jpeg 300w, https:\/\/webdealta.info\/wp-content\/uploads\/2020\/11\/WhatsApp-Image-2020-11-16-at-8.10.44-PM.jpeg 768w\" sizes=\"auto, (max-width: 640px) 100vw, 640px\" \/><figcaption>Ciudadanas hacen su aporte<\/figcaption><\/figure>\n\n\n\n<h4 class=\"wp-block-heading\">La comisi\u00f3n pro fondos presenta cuentas de lo recaudado hasta la fecha<\/h4>\n\n\n\n<p>Amanda Saldivia<\/p>\n\n\n\n<p>Cierra otra semana de recolecci\u00f3n de los fondos para la reparaci\u00f3n de uno de los motores de la toma flotante del embalse Guanapito y m\u00e1s ciudadanos se suman a dar aportes para alcanzar el objetivo, el cual permitir\u00e1 mejorar el caudal que llega a la planta Chapaiguana y las condiciones del agua para el proceso de potabilizaci\u00f3n.<\/p>\n\n\n\n<p>Como ya es costumbre la comisi\u00f3n Pro Fondos present\u00f3 el balance de la semana que acaba de culminar y las cifras totales recaudadas. Compartimos la informaci\u00f3n difundida:<\/p>\n\n\n\n<p>Resumen de la jornada de recolecci\u00f3n de fondos para la reparaci\u00f3n del motor de la toma de fondo, realizada durante la semana:<\/p>\n\n\n\n<ul class=\"wp-block-list\"><li>A las 1:30 pm culmin\u00f3 la jornada de recolecci\u00f3n de recursos para la reparaci\u00f3n del motor de la toma flotante este s\u00e1bado 14\/11. Se instalaron los dos puntos previstos, uno en la antigua bomba Texaco, sector Saladillo y otro en Fereca, calle Ilustres Pr\u00f3ceres.<\/li><li>Durante la semana del 09\/11 al 15\/11 el total recolectado fue de 159.315.349,00. Eso incluye los dep\u00f3sitos a la cuenta, la jornada en Tricentenario, los dos puntos instalados este s\u00e1bado 14\/11 y lo recolectado por el se\u00f1or Gerardo Veliz, trabajador de la econom\u00eda informal, quien entreg\u00f3 a la comisi\u00f3n la suma de Bs. 1.040.000,00.<\/li><li>Hasta el momento el total recolectado es de 280.760.347,00 bol\u00edvares y 798 d\u00f3lares. (Ya en manos de su custodio final)<\/li><li>Gracias al apoyo de la directiva y el personal de las emisoras Guara\u00f1a 97.5 FM y Activa 104.9 FM. Menci\u00f3n especial para el locutor Romer Lagrutta y al periodista Luis Avil\u00e9s, quienes tuvieron la responsabilidad de la animaci\u00f3n en los puntos de recolecci\u00f3n y avances a las emisoras. Tambi\u00e9n a los locutores: Israel Alvarado, Vladimir Camacho, Luis Dorta y Juan Vicente Mendoza, quienes colaboraron en los puntos de recolecci\u00f3n.<\/li><li>Reconocimiento por el apoyo para la jornada por parte de Mar\u00eda Rodr\u00edguez Castro, quien prest\u00f3 las instalaciones de la antigua estaci\u00f3n de servicios Texaco, a Luciano Lagazzi de Fereca, a inversiones La Colmena por la l\u00ednea telef\u00f3nica, a Pablo Rojas e inversiones El Vi\u00f1edo por los puntos de venta. Adem\u00e1s de Ad\u00e1n y Andr\u00e9s Rojas por el sonido.<\/li><li>Estuvieron presentes como colaboradores: Alejandra Arias, Yolivares Infante, Zulay Coronil, Felisa Hern\u00e1ndez, Carlos Tovar, Leonardo Lagazzi, Beatriz Meza, Valeiro Cario, Marisela Saldivia y los trabajadores de Promasorca V\u00edctor, Dany y Lino. Gracias por el apoyo, fueron importantes para el \u00e9xito de la actividad.<\/li><li>A los fines de mantener la transparencia del proceso, manifestamos que toda persona que est\u00e9 interesada en recolectar recursos como parte de la campa\u00f1a para la reparaci\u00f3n del motor de la toma flotante, debe estar autorizada por la comisi\u00f3n pro fondos.<\/li><li>Este resumen es presentado por la comisi\u00f3n: Marisela De Angelis, Elisenda Tovar, Amparo Ballesteros, Amarilis Bandres, Amanda Saldivia, William Fourneau y Argenis Pi\u00f1ero.<\/li><li>Los mantendremos al tanto de las pr\u00f3ximas jornadas.<\/li><\/ul>\n\n\n\n<p>@amandasaldivia<\/p>\n\n\n\n<p><\/p>\n","protected":false},"excerpt":{"rendered":"<p>La comisi\u00f3n pro fondos presenta cuentas de lo recaudado hasta la fecha Amanda Saldivia Cierra otra semana de recolecci\u00f3n de los fondos para la reparaci\u00f3n de uno de los motores de la toma flotante del embalse Guanapito y m\u00e1s ciudadanos se suman a dar aportes para alcanzar el objetivo, el<\/p>\n","protected":false},"author":2,"featured_media":759,"comment_status":"open","ping_status":"open","sticky":false,"template":"","format":"standard","meta":{"advanced_seo_description":"","jetpack_seo_html_title":"","jetpack_seo_noindex":false,"_jetpack_memberships_contains_paid_content":false,"footnotes":"","jetpack_publicize_message":"","jetpack_publicize_feature_enabled":true,"jetpack_social_post_already_shared":true,"jetpack_social_options":{"image_generator_settings":{"template":"highway","enabled":false},"version":2}},"categories":[63],"tags":[24,31,32],"class_list":["post-757","post","type-post","status-publish","format-standard","has-post-thumbnail","hentry","category-jornada-pro-fondos","tag-altagracia","tag-serviciospublicos","tag-webdealta",""],"jetpack_publicize_connections":[],"jetpack_featured_media_url":"https:\/\/webdealta.info\/wp-content\/uploads\/2020\/11\/WhatsApp-Image-2020-11-16-at-8.10.33-PM.jpeg","jetpack_sharing_enabled":true,"jetpack_likes_enabled":true,"jetpack-related-posts":[],"jetpack_shortlink":"https:\/\/wp.me\/pcseDn-cd","_links":{"self":[{"href":"https:\/\/webdealta.info\/index.php?rest_route=\/wp\/v2\/posts\/757","targetHints":{"allow":["GET"]}}],"collection":[{"href":"https:\/\/webdealta.info\/index.php?rest_route=\/wp\/v2\/posts"}],"about":[{"href":"https:\/\/webdealta.info\/index.php?rest_route=\/wp\/v2\/types\/post"}],"author":[{"embeddable":true,"href":"https:\/\/webdealta.info\/index.php?rest_route=\/wp\/v2\/users\/2"}],"replies":[{"embeddable":true,"href":"https:\/\/webdealta.info\/index.php?rest_route=%2Fwp%2Fv2%2Fcomments&post=757"}],"version-history":[{"count":1,"href":"https:\/\/webdealta.info\/index.php?rest_route=\/wp\/v2\/posts\/757\/revisions"}],"predecessor-version":[{"id":760,"href":"https:\/\/webdealta.info\/index.php?rest_route=\/wp\/v2\/posts\/757\/revisions\/760"}],"wp:featuredmedia":[{"embeddable":true,"href":"https:\/\/webdealta.info\/index.php?rest_route=\/wp\/v2\/media\/759"}],"wp:attachment":[{"href":"https:\/\/webdealta.info\/index.php?rest_route=%2Fwp%2Fv2%2Fmedia&parent=757"}],"wp:term":[{"taxonomy":"category","embeddable":true,"href":"https:\/\/webdealta.info\/index.php?rest_route=%2Fwp%2Fv2%2Fcategories&post=757"},{"taxonomy":"post_tag","embeddable":true,"href":"https:\/\/webdealta.info\/index.php?rest_route=%2Fwp%2Fv2%2Ftags&post=757"}],"curies":[{"name":"wp","href":"https:\/\/api.w.org\/{rel}","templated":true}]}}