{"id":7566,"date":"2023-08-24T20:12:27","date_gmt":"2023-08-25T00:12:27","guid":{"rendered":"https:\/\/webdealta.info\/?p=7566"},"modified":"2023-08-24T20:12:29","modified_gmt":"2023-08-25T00:12:29","slug":"brindan-atencion-medica-y-social-a-familias-afectadas-por-lluvias","status":"publish","type":"post","link":"https:\/\/webdealta.info\/?p=7566","title":{"rendered":"Brindan atenci\u00f3n m\u00e9dica y social a familias afectadas por lluvias"},"content":{"rendered":"\n<p>El gobernador de la regi\u00f3n llanera, Jos\u00e9 V\u00e1squez, a trav\u00e9s de un contacto telef\u00f3nico con &nbsp;el programa Al Aire, transmitido por Venezolana de Televisi\u00f3n, dio a conocer el plan preventivo por las fuertes lluvias que han generado crecida de r\u00edos en el estado Gu\u00e1rico.<\/p>\n\n\n\n<p>V\u00e1squez destac\u00f3 que en el municipio Esteros de Camagu\u00e1n, espec\u00edficamente en la comunidad El Sombrerito, se mantienen alertas tras el desbordamiento del r\u00edo Portuguesa e indic\u00f3 que el pasado fin de semana se desplegaron para atender al pueblo tomando en cuenta los reportes que ha realizado el equipo de gobierno y agreg\u00f3 que mediante este mecanismo, brindaron respuesta inmediata a las familias afectadas debido al desbordamiento de los r\u00edos.<\/p>\n\n\n\n<p>\u201cNos mantenemos alertas, desplegados y atendiendo la situaci\u00f3n de contingencia ocasionada por las fuertes lluvias. Nuestros equipos de atenci\u00f3n social e integral est\u00e1n asistiendo a las familias afectadas\u201d, refiri\u00f3 el mandatario regional.<\/p>\n\n\n\n<p><strong>Atenci\u00f3n m\u00e9dica y social a familias afectadas<\/strong><\/p>\n\n\n\n<p>V\u00e1squez detall\u00f3 que en la jornada de atenci\u00f3n fueron desplegados &nbsp;integrantes del equipo de gobierno, cuerpos de prevenci\u00f3n y \u00e1rea social, adem\u00e1s de los equipos b\u00e1sicos de salud, quienes realizaron las &nbsp;evaluaciones respectivas, vacunaci\u00f3n y suministro de medicamentos.<\/p>\n\n\n\n<p>El gobernante regional acot\u00f3 que tambi\u00e9n se realiz\u00f3 el levantamiento del inventario en la zona, por lo que procedieron a la entrega de suministros necesarios como agua potable y alimentos, as\u00ed como lo que compete a la p\u00e9rdida de materiales por cada una de las familias.<\/p>\n\n\n\n<p>&nbsp;Al mismo tiempo dijo que una vez bajen los niveles del r\u00edo, \u201cvamos a desplegar al Instituto Aut\u00f3nomo de la Vivienda y H\u00e1bitat del estado (Iavhebg) para hacer revisi\u00f3n de las casas anegadas; as\u00ed como &nbsp;a la &nbsp;Secretar\u00eda de Desarrollo Social y Alimentos Del Gu\u00e1rico (Alguarisa).<\/p>\n\n\n\n<p>En el mismo contexto, destac\u00f3 que en materia productiva en algunas zonas hay unidades de conucos productivos que se han visto afectadas \u00abestamos haciendo el levantamiento, ya&nbsp; que generalmente en estas zonas siembran en el ciclo norte-verano, es decir, esperan que baje el agua, siembra en la vega, y se siembra tomate, espec\u00edficamente por la zona de Sombrerito y en el caso de Guayabal,&nbsp; estamos haciendo el levantamiento de estos sectores\u00bb, recalc\u00f3.<\/p>\n\n\n\n<p>A su vez V\u00e1squez indic\u00f3 que se mantienen atentos tambi\u00e9n en la parroquia Cabruta, ya que est\u00e1 ubicada a orillas del r\u00edo Orinoco y&nbsp; sufre la crecida, &nbsp;hasta los momentos se mantienen las costas normales;&nbsp; y resalt\u00f3 que todo lo anterior se realiza siguiendo las instrucciones del presidente Nicol\u00e1s Maduro.<\/p>\n\n\n\n<p>Sibci Gu\u00e1rico  <\/p>\n\n\n\n<p><\/p>\n","protected":false},"excerpt":{"rendered":"<p>El gobernador de la regi\u00f3n llanera, Jos\u00e9 V\u00e1squez, a trav\u00e9s de un contacto telef\u00f3nico con &nbsp;el programa Al Aire, transmitido por Venezolana de Televisi\u00f3n, dio a conocer el plan preventivo por las fuertes lluvias que han generado crecida de r\u00edos en el estado Gu\u00e1rico. V\u00e1squez destac\u00f3 que en el municipio<\/p>\n","protected":false},"author":2,"featured_media":7567,"comment_status":"open","ping_status":"open","sticky":false,"template":"","format":"standard","meta":{"advanced_seo_description":"","jetpack_seo_html_title":"","jetpack_seo_noindex":false,"_jetpack_memberships_contains_paid_content":false,"footnotes":"","jetpack_publicize_message":"","jetpack_publicize_feature_enabled":true,"jetpack_social_post_already_shared":true,"jetpack_social_options":{"image_generator_settings":{"template":"highway","enabled":false},"version":2}},"categories":[284,251],"tags":[8,7,32],"class_list":["post-7566","post","type-post","status-publish","format-standard","has-post-thumbnail","hentry","category-gobierno-de-guarico","category-webdealta","tag-altagraciadeorituco","tag-guarico","tag-webdealta",""],"jetpack_publicize_connections":[],"jetpack_featured_media_url":"https:\/\/webdealta.info\/wp-content\/uploads\/2023\/08\/camaguan-webdealta-guarico.png","jetpack_sharing_enabled":true,"jetpack_likes_enabled":true,"jetpack-related-posts":[],"jetpack_shortlink":"https:\/\/wp.me\/pcseDn-1Y2","_links":{"self":[{"href":"https:\/\/webdealta.info\/index.php?rest_route=\/wp\/v2\/posts\/7566","targetHints":{"allow":["GET"]}}],"collection":[{"href":"https:\/\/webdealta.info\/index.php?rest_route=\/wp\/v2\/posts"}],"about":[{"href":"https:\/\/webdealta.info\/index.php?rest_route=\/wp\/v2\/types\/post"}],"author":[{"embeddable":true,"href":"https:\/\/webdealta.info\/index.php?rest_route=\/wp\/v2\/users\/2"}],"replies":[{"embeddable":true,"href":"https:\/\/webdealta.info\/index.php?rest_route=%2Fwp%2Fv2%2Fcomments&post=7566"}],"version-history":[{"count":1,"href":"https:\/\/webdealta.info\/index.php?rest_route=\/wp\/v2\/posts\/7566\/revisions"}],"predecessor-version":[{"id":7568,"href":"https:\/\/webdealta.info\/index.php?rest_route=\/wp\/v2\/posts\/7566\/revisions\/7568"}],"wp:featuredmedia":[{"embeddable":true,"href":"https:\/\/webdealta.info\/index.php?rest_route=\/wp\/v2\/media\/7567"}],"wp:attachment":[{"href":"https:\/\/webdealta.info\/index.php?rest_route=%2Fwp%2Fv2%2Fmedia&parent=7566"}],"wp:term":[{"taxonomy":"category","embeddable":true,"href":"https:\/\/webdealta.info\/index.php?rest_route=%2Fwp%2Fv2%2Fcategories&post=7566"},{"taxonomy":"post_tag","embeddable":true,"href":"https:\/\/webdealta.info\/index.php?rest_route=%2Fwp%2Fv2%2Ftags&post=7566"}],"curies":[{"name":"wp","href":"https:\/\/api.w.org\/{rel}","templated":true}]}}