{"id":7562,"date":"2023-08-23T22:03:40","date_gmt":"2023-08-24T02:03:40","guid":{"rendered":"https:\/\/webdealta.info\/?p=7562"},"modified":"2023-08-23T22:03:41","modified_gmt":"2023-08-24T02:03:41","slug":"tres-ordenanzas-discuten-concejales-del-orituco","status":"publish","type":"post","link":"https:\/\/webdealta.info\/?p=7562","title":{"rendered":"Tres ordenanzas discuten concejales del Orituco"},"content":{"rendered":"\n<p>Amanda Saldivia.-<\/p>\n\n\n\n<p>Tres ordenanzas est\u00e1n en discusi\u00f3n actualmente en el Concejo Municipal, entre ellas la referida a Actividades Econ\u00f3micas para ajustarla a los par\u00e1metros establecidos en la Ley Org\u00e1nica de Coordinaci\u00f3n y Armonizaci\u00f3n de las Potestades Tributarias de los estados y municipios, publicada el 10 de agosto en la gaceta oficial n\u00famero 6.755.<\/p>\n\n\n\n<p>La informaci\u00f3n fue dada a conocer por el concejal Julio Silvera, presidente del Concejo Municipal, quien fue invitado al programa Tiempo de Cambios de este mi\u00e9rcoles 23 de agosto, espacio que es transmitido por la emisora Activa 104.9 FM de Altagracia de Orituco.<\/p>\n\n\n\n<p>Durante el desarrollo del programa hizo hincapi\u00e9 en que los tributos del municipio Jos\u00e9 Tadeo Monagas est\u00e1n por debajo del tope establecido en la mencionada Ley nacional, pero que igualmente es necesario hacer ajustes con miras a estimar los ingresos de 2024 y con ello viabilizar la elaboraci\u00f3n de la Ordenanza de Presupuesto del a\u00f1o entrante.<\/p>\n\n\n\n<p>Respecto a los pasos a seguir, precis\u00f3 que este mi\u00e9rcoles se le dio entrada para la primera discusi\u00f3n y a partir de ahora est\u00e1n en sesi\u00f3n permanente, la cual prev\u00e9 reuniones con todos los sectores involucrados, gremios de comerciantes y emprendedores, estos \u00faltimos con especial atenci\u00f3n, porque tendr\u00e1n menor carga impositiva si est\u00e1n en la plataforma Emprender Juntos que impulsa el gobierno nacional.<\/p>\n\n\n\n<p>Las otras ordenanzas son la de Protecci\u00f3n Animal que ser\u00e1 discutida con la misi\u00f3n Nevado y Team Perruno; adem\u00e1s de la relacionada con la Convivencia Ciudadana, la cual estar\u00e1 en concordancia con la propuesta aprobada recientemente por el Consejo Legislativo del estado Gu\u00e1rico.<\/p>\n\n\n\n<p>@amandasaldivia <\/p>\n\n\n\n<p><\/p>\n","protected":false},"excerpt":{"rendered":"<p>Amanda Saldivia.- Tres ordenanzas est\u00e1n en discusi\u00f3n actualmente en el Concejo Municipal, entre ellas la referida a Actividades Econ\u00f3micas para ajustarla a los par\u00e1metros establecidos en la Ley Org\u00e1nica de Coordinaci\u00f3n y Armonizaci\u00f3n de las Potestades Tributarias de los estados y municipios, publicada el 10 de agosto en la gaceta<\/p>\n","protected":false},"author":2,"featured_media":7563,"comment_status":"open","ping_status":"open","sticky":false,"template":"","format":"standard","meta":{"advanced_seo_description":"","jetpack_seo_html_title":"","jetpack_seo_noindex":false,"_jetpack_memberships_contains_paid_content":false,"footnotes":"","jetpack_publicize_message":"","jetpack_publicize_feature_enabled":true,"jetpack_social_post_already_shared":true,"jetpack_social_options":{"image_generator_settings":{"template":"highway","enabled":false},"version":2}},"categories":[294,251],"tags":[8,7,32],"class_list":["post-7562","post","type-post","status-publish","format-standard","has-post-thumbnail","hentry","category-concejo-municipal","category-webdealta","tag-altagraciadeorituco","tag-guarico","tag-webdealta",""],"jetpack_publicize_connections":[],"jetpack_featured_media_url":"https:\/\/webdealta.info\/wp-content\/uploads\/2023\/08\/concejal-julio-silvera-municipio-webdealta.png","jetpack_sharing_enabled":true,"jetpack_likes_enabled":true,"jetpack-related-posts":[],"jetpack_shortlink":"https:\/\/wp.me\/pcseDn-1XY","_links":{"self":[{"href":"https:\/\/webdealta.info\/index.php?rest_route=\/wp\/v2\/posts\/7562","targetHints":{"allow":["GET"]}}],"collection":[{"href":"https:\/\/webdealta.info\/index.php?rest_route=\/wp\/v2\/posts"}],"about":[{"href":"https:\/\/webdealta.info\/index.php?rest_route=\/wp\/v2\/types\/post"}],"author":[{"embeddable":true,"href":"https:\/\/webdealta.info\/index.php?rest_route=\/wp\/v2\/users\/2"}],"replies":[{"embeddable":true,"href":"https:\/\/webdealta.info\/index.php?rest_route=%2Fwp%2Fv2%2Fcomments&post=7562"}],"version-history":[{"count":1,"href":"https:\/\/webdealta.info\/index.php?rest_route=\/wp\/v2\/posts\/7562\/revisions"}],"predecessor-version":[{"id":7564,"href":"https:\/\/webdealta.info\/index.php?rest_route=\/wp\/v2\/posts\/7562\/revisions\/7564"}],"wp:featuredmedia":[{"embeddable":true,"href":"https:\/\/webdealta.info\/index.php?rest_route=\/wp\/v2\/media\/7563"}],"wp:attachment":[{"href":"https:\/\/webdealta.info\/index.php?rest_route=%2Fwp%2Fv2%2Fmedia&parent=7562"}],"wp:term":[{"taxonomy":"category","embeddable":true,"href":"https:\/\/webdealta.info\/index.php?rest_route=%2Fwp%2Fv2%2Fcategories&post=7562"},{"taxonomy":"post_tag","embeddable":true,"href":"https:\/\/webdealta.info\/index.php?rest_route=%2Fwp%2Fv2%2Ftags&post=7562"}],"curies":[{"name":"wp","href":"https:\/\/api.w.org\/{rel}","templated":true}]}}