{"id":7550,"date":"2023-08-22T21:08:16","date_gmt":"2023-08-23T01:08:16","guid":{"rendered":"https:\/\/webdealta.info\/?p=7550"},"modified":"2023-08-22T21:08:27","modified_gmt":"2023-08-23T01:08:27","slug":"juramentada-comision-de-primarias-en-el-municipio-monagas","status":"publish","type":"post","link":"https:\/\/webdealta.info\/?p=7550","title":{"rendered":"Juramentada comisi\u00f3n de primarias en el municipio Monagas"},"content":{"rendered":"\n<p>Amanda Saldivia.-<\/p>\n\n\n\n<p>Con el consenso de todos los partidos pol\u00edticos fue juramentada la comisi\u00f3n de primarias del municipio Jos\u00e9 Tadeo Monagas, la cual qued\u00f3 integrada por Eduardo Adames, presidente; Jos\u00e9 \u201cTito\u201d Marrero, vicepresidente y Sim\u00f3n Yanez, secretario; adem\u00e1s de los suplentes Mar\u00eda Esther P\u00e9rez, Jorge Ortega, Elba Paz Castillo, Arturo Herrera, Fidel Bandres y Juan Jos\u00e9 Rodr\u00edguez.<\/p>\n\n\n\n<p>La sede de la comisi\u00f3n de primarias est\u00e1 ubicada en la calle Gil Pulido, frente al parque Sucre de Altagracia de Orituco, donde la nueva directiva fue juramentada este martes 22 de agosto, fecha que coincide con el inicio del lapso de la campa\u00f1a de los 13 candidatos que se medir\u00e1n el 22 de octubre.<\/p>\n\n\n\n<p>Eduardo Adames, en declaraciones ofrecida en el programa Tiempo de Cambios que se transmite en la emisora Activa 104.9 FM, se\u00f1al\u00f3 que el trabajo inmediato es confirmar los centros de votaci\u00f3n que se instalar\u00e1n en las siete parroquias, todo con el apoyo de los partidos pol\u00edticos.<\/p>\n\n\n\n<p>Precis\u00f3 que son nueve en el municipio y que los partidos de oposici\u00f3n \u201chan adelantado el tema\u2026con buen \u00e1nimo, est\u00e1 reinando una gran camarader\u00eda entre los diversos partidos pol\u00edticos\u201d.<\/p>\n\n\n\n<p>@amandasaldivia  <\/p>\n\n\n\n<p><\/p>\n","protected":false},"excerpt":{"rendered":"<p>Amanda Saldivia.- Con el consenso de todos los partidos pol\u00edticos fue juramentada la comisi\u00f3n de primarias del municipio Jos\u00e9 Tadeo Monagas, la cual qued\u00f3 integrada por Eduardo Adames, presidente; Jos\u00e9 \u201cTito\u201d Marrero, vicepresidente y Sim\u00f3n Yanez, secretario; adem\u00e1s de los suplentes Mar\u00eda Esther P\u00e9rez, Jorge Ortega, Elba Paz Castillo, Arturo<\/p>\n","protected":false},"author":2,"featured_media":7551,"comment_status":"open","ping_status":"open","sticky":false,"template":"","format":"standard","meta":{"advanced_seo_description":"","jetpack_seo_html_title":"","jetpack_seo_noindex":false,"_jetpack_memberships_contains_paid_content":false,"footnotes":"","jetpack_publicize_message":"","jetpack_publicize_feature_enabled":true,"jetpack_social_post_already_shared":true,"jetpack_social_options":{"image_generator_settings":{"template":"highway","enabled":false},"version":2}},"categories":[142,251],"tags":[8,7,32],"class_list":["post-7550","post","type-post","status-publish","format-standard","has-post-thumbnail","hentry","category-politica","category-webdealta","tag-altagraciadeorituco","tag-guarico","tag-webdealta",""],"jetpack_publicize_connections":[],"jetpack_featured_media_url":"https:\/\/webdealta.info\/wp-content\/uploads\/2023\/08\/comision-de-primarias-webdealta-altaGRACIA.png","jetpack_sharing_enabled":true,"jetpack_likes_enabled":true,"jetpack-related-posts":[],"jetpack_shortlink":"https:\/\/wp.me\/pcseDn-1XM","_links":{"self":[{"href":"https:\/\/webdealta.info\/index.php?rest_route=\/wp\/v2\/posts\/7550","targetHints":{"allow":["GET"]}}],"collection":[{"href":"https:\/\/webdealta.info\/index.php?rest_route=\/wp\/v2\/posts"}],"about":[{"href":"https:\/\/webdealta.info\/index.php?rest_route=\/wp\/v2\/types\/post"}],"author":[{"embeddable":true,"href":"https:\/\/webdealta.info\/index.php?rest_route=\/wp\/v2\/users\/2"}],"replies":[{"embeddable":true,"href":"https:\/\/webdealta.info\/index.php?rest_route=%2Fwp%2Fv2%2Fcomments&post=7550"}],"version-history":[{"count":1,"href":"https:\/\/webdealta.info\/index.php?rest_route=\/wp\/v2\/posts\/7550\/revisions"}],"predecessor-version":[{"id":7552,"href":"https:\/\/webdealta.info\/index.php?rest_route=\/wp\/v2\/posts\/7550\/revisions\/7552"}],"wp:featuredmedia":[{"embeddable":true,"href":"https:\/\/webdealta.info\/index.php?rest_route=\/wp\/v2\/media\/7551"}],"wp:attachment":[{"href":"https:\/\/webdealta.info\/index.php?rest_route=%2Fwp%2Fv2%2Fmedia&parent=7550"}],"wp:term":[{"taxonomy":"category","embeddable":true,"href":"https:\/\/webdealta.info\/index.php?rest_route=%2Fwp%2Fv2%2Fcategories&post=7550"},{"taxonomy":"post_tag","embeddable":true,"href":"https:\/\/webdealta.info\/index.php?rest_route=%2Fwp%2Fv2%2Ftags&post=7550"}],"curies":[{"name":"wp","href":"https:\/\/api.w.org\/{rel}","templated":true}]}}