{"id":7541,"date":"2023-08-20T20:39:46","date_gmt":"2023-08-21T00:39:46","guid":{"rendered":"https:\/\/webdealta.info\/?p=7541"},"modified":"2023-08-20T20:39:47","modified_gmt":"2023-08-21T00:39:47","slug":"instituciones-del-orituco-distinguieron-a-monsenor-ramon-jose-aponte","status":"publish","type":"post","link":"https:\/\/webdealta.info\/?p=7541","title":{"rendered":"Instituciones del Orituco distinguieron a Monse\u00f1or Ram\u00f3n Jos\u00e9 Aponte"},"content":{"rendered":"\n<p>Amanda Saldivia.-<\/p>\n\n\n\n<p>Cuatro distinciones fueron entregadas, este domingo 20 de agosto, a Monse\u00f1or Ram\u00f3n Jos\u00e9 Aponte, Obispo de la Di\u00f3cesis de Valle de la Pascua, luego de la eucarist\u00eda dominical y del cierre del Campamento Juvenil Vocacional celebrado en la parroquia San Rafael Arc\u00e1ngel, momento oportuno para que la alcald\u00eda del municipio Monagas le otorgara la Orden de la Ciudad, el Concejo Municipal la medalla Orden de la Amistad y las placas de reconocimiento por parte de la E.B Luisa Rojas de Gonz\u00e1lez y de las organizaciones ligadas a la iglesia.<\/p>\n\n\n\n<p>La informaci\u00f3n la dio a conocer el profesor Rub\u00e9n Padr\u00f3n, directivo de la mencionada instituci\u00f3n educativa, quien fue el designado para dar lectura al decreto n\u00famero 006-2023, firmado por el alcalde Pedro Sol\u00f3rzano, en el cual distinguen a Monse\u00f1or Ram\u00f3n Jos\u00e9 Aponte con la condecoraci\u00f3n de Orden de la Ciudad de Altagracia de Orituco, recibida de manos de la comisi\u00f3n integrada por el Dr. Luis Fern\u00e1ndez, director general de la Alcald\u00eda y la Econ. Coromoto Hern\u00e1ndez, directora del Despacho.<\/p>\n\n\n\n<p>Por su parte, el Concejo Municipal, entreg\u00f3 la medalla de Honor Orden de la Amistad impuesta por el presidente de ese ente legislativo, el concejal Julio Silvera, acompa\u00f1ado por el edil Ennio Malpica y Efra\u00edn Mej\u00eda, secretario municipal, este \u00faltimo encargado de dar lectura al acuerdo de C\u00e1mara.<\/p>\n\n\n\n<p>Acerca del homenaje, el profesor Rub\u00e9n Padr\u00f3n explic\u00f3, que se trata de una \u201cefusiva despedida, ya que pasar\u00e1 a ser Obispo Em\u00e9rito el 23 de septiembre, porque cumplir\u00e1 75 a\u00f1os de vida, de los cuales 19 ha estado al servicio realizado como Obispo de la Di\u00f3cesis de Valle de la Pascua y 49 como sacerdote\u201d.<\/p>\n\n\n\n<p>Asimismo, mencion\u00f3 que Monse\u00f1or recibi\u00f3 \u201cplaca y medalla como Amigo de la Luisa Rojas de Gonz\u00e1lez, as\u00ed como tambi\u00e9n distinciones por parte las \u201corganizaciones eclesi\u00e1sticas y de la comunidad de San Rafael de Orituco, otros reconocimientos en placa por parte de la feligres\u00eda de la comunidad sanrafaelina, adem\u00e1s de expresiones culturales como versos, declamaciones y cantos, realizados por ni\u00f1os y j\u00f3venes de nuestra comunidad parroquial\u201d.<\/p>\n\n\n\n<p>\u201cTodo ese reconocimiento fue posterior a la eucarist\u00eda dominical que fue \u201cpresidida por Monse\u00f1or Ram\u00f3n Jos\u00e9 Aponte, el Presb\u00edtero Alfonzo Mota, p\u00e1rroco de la comunidad cat\u00f3lica de San Rafael Arc\u00e1ngel y en compa\u00f1\u00eda de otros sacerdotes invitados, como tambi\u00e9n de seminaristas y misioneros, quienes por m\u00e1s de 15 d\u00edas estuvieron en las comunidades de San Rafael de Orituco, Tuira y Curipa, llevando la palabra de nuestro Se\u00f1or Jesucristo\u201d, agreg\u00f3 el profesor Rub\u00e9n Padr\u00f3n.<\/p>\n\n\n\n<p>Respecto a la comisi\u00f3n de docentes de la U.E.B. Luisa Rojas de Gonz\u00e1lez, la cual forma parte del Circuito Educativo n\u00famero 7 Aquiles Nazoa, dijo que estuvo integrada por la Lcda. Liris Montero, Asesor Pedag\u00f3gico de Inicial; Lcda. Mariuxi D\u00edaz, Asesor Pedag\u00f3gico de Primaria; Lcda. Elvia Vel\u00e1squez y el Lcdo. Luis Miguel Padr\u00f3n, asesor de Cultura.<\/p>\n\n\n\n<p>Para finalizar, mencion\u00f3 que la actividad protocolar culmin\u00f3 \u201ccon el canto del Himno de San Rafael Arc\u00e1ngel, Medicina de Dios y patrono de la comunidad, como un gesto de uni\u00f3n entre los feligreses sanrafaelinos, visitantes y amigos de Altagracia de Orituco, representantes de instituciones civiles, educativas y gubernamental, la comunidad eclesial organizada con el Consejo Parroquial Pastoral, la feligres\u00eda con sus ocho sectores hicieron posible este humilde homenaje a nuestro Monse\u00f1or Ram\u00f3n Jos\u00e9 Aponte, Obispo de Valle de la Pascua\u201d.<\/p>\n\n\n\n<p>@amandasaldivia  <\/p>\n\n\n\n<p><\/p>\n","protected":false},"excerpt":{"rendered":"<p>Amanda Saldivia.- Cuatro distinciones fueron entregadas, este domingo 20 de agosto, a Monse\u00f1or Ram\u00f3n Jos\u00e9 Aponte, Obispo de la Di\u00f3cesis de Valle de la Pascua, luego de la eucarist\u00eda dominical y del cierre del Campamento Juvenil Vocacional celebrado en la parroquia San Rafael Arc\u00e1ngel, momento oportuno para que la alcald\u00eda<\/p>\n","protected":false},"author":2,"featured_media":7542,"comment_status":"open","ping_status":"open","sticky":false,"template":"","format":"standard","meta":{"advanced_seo_description":"","jetpack_seo_html_title":"","jetpack_seo_noindex":false,"_jetpack_memberships_contains_paid_content":false,"footnotes":"","jetpack_publicize_message":"","jetpack_publicize_feature_enabled":true,"jetpack_social_post_already_shared":true,"jetpack_social_options":{"image_generator_settings":{"template":"highway","enabled":false},"version":2}},"categories":[117,251],"tags":[8,7,32],"class_list":["post-7541","post","type-post","status-publish","format-standard","has-post-thumbnail","hentry","category-celebracion","category-webdealta","tag-altagraciadeorituco","tag-guarico","tag-webdealta",""],"jetpack_publicize_connections":[],"jetpack_featured_media_url":"https:\/\/webdealta.info\/wp-content\/uploads\/2023\/08\/monsenor-2023-webdealta.png","jetpack_sharing_enabled":true,"jetpack_likes_enabled":true,"jetpack-related-posts":[],"jetpack_shortlink":"https:\/\/wp.me\/pcseDn-1XD","_links":{"self":[{"href":"https:\/\/webdealta.info\/index.php?rest_route=\/wp\/v2\/posts\/7541","targetHints":{"allow":["GET"]}}],"collection":[{"href":"https:\/\/webdealta.info\/index.php?rest_route=\/wp\/v2\/posts"}],"about":[{"href":"https:\/\/webdealta.info\/index.php?rest_route=\/wp\/v2\/types\/post"}],"author":[{"embeddable":true,"href":"https:\/\/webdealta.info\/index.php?rest_route=\/wp\/v2\/users\/2"}],"replies":[{"embeddable":true,"href":"https:\/\/webdealta.info\/index.php?rest_route=%2Fwp%2Fv2%2Fcomments&post=7541"}],"version-history":[{"count":1,"href":"https:\/\/webdealta.info\/index.php?rest_route=\/wp\/v2\/posts\/7541\/revisions"}],"predecessor-version":[{"id":7543,"href":"https:\/\/webdealta.info\/index.php?rest_route=\/wp\/v2\/posts\/7541\/revisions\/7543"}],"wp:featuredmedia":[{"embeddable":true,"href":"https:\/\/webdealta.info\/index.php?rest_route=\/wp\/v2\/media\/7542"}],"wp:attachment":[{"href":"https:\/\/webdealta.info\/index.php?rest_route=%2Fwp%2Fv2%2Fmedia&parent=7541"}],"wp:term":[{"taxonomy":"category","embeddable":true,"href":"https:\/\/webdealta.info\/index.php?rest_route=%2Fwp%2Fv2%2Fcategories&post=7541"},{"taxonomy":"post_tag","embeddable":true,"href":"https:\/\/webdealta.info\/index.php?rest_route=%2Fwp%2Fv2%2Ftags&post=7541"}],"curies":[{"name":"wp","href":"https:\/\/api.w.org\/{rel}","templated":true}]}}