{"id":7524,"date":"2023-08-16T21:38:13","date_gmt":"2023-08-17T01:38:13","guid":{"rendered":"https:\/\/webdealta.info\/?p=7524"},"modified":"2023-08-16T21:38:15","modified_gmt":"2023-08-17T01:38:15","slug":"en-campana-plancha-1-del-colegio-de-abogados-de-guarico","status":"publish","type":"post","link":"https:\/\/webdealta.info\/?p=7524","title":{"rendered":"En campa\u00f1a plancha 1 del Colegio de Abogados de Gu\u00e1rico"},"content":{"rendered":"\n<p>Amanda Saldivia.-<\/p>\n\n\n\n<p>Parte del equipo de la plancha 1, aspirantes a dirigir el Colegio de Abogados del estado Gu\u00e1rico, estuvieron este mi\u00e9rcoles 16 de agosto en Altagracia de Orituco, en actividades de campa\u00f1a enfocadas en la formaci\u00f3n, la cual forma parte de las propuestas que tienen para los colegas que acudir\u00e1n a votar el venidero mes de septiembre.<\/p>\n\n\n\n<p>El Dr. Balmore Ortega, candidato a la vicepresidencia del Colegio de Abogados por la mencionada plancha, en declaraciones a la emisora Activa 104.9 FM, dijo que la jornada forma parte de las propuestas que \u201cestamos llevando a las delegaciones que es la capacitaci\u00f3n a los colegas, hoy tenemos la dicha de tener como ponente al Dr. Antonio Acosta, especialista en Derecho Administrativo\u201d.<\/p>\n\n\n\n<p>Hizo especial hincapi\u00e9 en que desde hace m\u00e1s de 20 a\u00f1os no se realizan elecciones del Colegio en Gu\u00e1rico, lo que llev\u00f3 a constituir el Movimiento de Integraci\u00f3n Gremial, a los fines de lograr la cohesi\u00f3n del gremio y efectuar los tr\u00e1mites ante el CNE, para con el acompa\u00f1amiento de esta instituci\u00f3n hacer las elecciones previstas, seg\u00fan en el cronograma, para el 8 de septiembre.<\/p>\n\n\n\n<p>Para el Dr. Ortega todas las delegaciones son importantes y parte de lo que han recogido como expresi\u00f3n de los colegas es que se sent\u00edan \u201cinvisibilizados\u201d, raz\u00f3n por la cual van a trabajar arduamente para lograr que lo que han llamado la \u201crepatriaci\u00f3n de los colegas\u201d, que significa que regresen al Colegio de Gu\u00e1rico.<\/p>\n\n\n\n<p>Sobre el proceso electoral, precis\u00f3 que la mesa estar\u00e1 instalada en el Casa de Maestro donde se espera que sufraguen los 95 abogados de esta delegaci\u00f3n. Las declaraciones las ofreci\u00f3 mientras se llevaba a cabo la ponencia sobre la Responsabilidad de los funcionarios p\u00fablicos en el ejercicio de la actividad administrativa, a cargo del Dr. Antonio Acosta, a la cual tambi\u00e9n asistieron otros integrantes de la plancha 1, entre ellos el Dr. Julio Ruiz (presidente), Mario Ortega, Maryira Jaramillo y Oriana Vargas; adem\u00e1s de abogados locales, estudiantes y contadores. &nbsp;<\/p>\n\n\n\n<p>@amandasaldivia  <\/p>\n\n\n\n<p>Foto cortes\u00eda<\/p>\n\n\n\n<p><\/p>\n","protected":false},"excerpt":{"rendered":"<p>Amanda Saldivia.- Parte del equipo de la plancha 1, aspirantes a dirigir el Colegio de Abogados del estado Gu\u00e1rico, estuvieron este mi\u00e9rcoles 16 de agosto en Altagracia de Orituco, en actividades de campa\u00f1a enfocadas en la formaci\u00f3n, la cual forma parte de las propuestas que tienen para los colegas que<\/p>\n","protected":false},"author":2,"featured_media":7525,"comment_status":"open","ping_status":"open","sticky":false,"template":"","format":"standard","meta":{"advanced_seo_description":"","jetpack_seo_html_title":"","jetpack_seo_noindex":false,"_jetpack_memberships_contains_paid_content":false,"footnotes":"","jetpack_publicize_message":"","jetpack_publicize_feature_enabled":true,"jetpack_social_post_already_shared":true,"jetpack_social_options":{"image_generator_settings":{"template":"highway","enabled":false},"version":2}},"categories":[335,251],"tags":[8,7,32],"class_list":["post-7524","post","type-post","status-publish","format-standard","has-post-thumbnail","hentry","category-locales","category-webdealta","tag-altagraciadeorituco","tag-guarico","tag-webdealta",""],"jetpack_publicize_connections":[],"jetpack_featured_media_url":"https:\/\/webdealta.info\/wp-content\/uploads\/2023\/08\/abogados-webdealta.jpg","jetpack_sharing_enabled":true,"jetpack_likes_enabled":true,"jetpack-related-posts":[],"jetpack_shortlink":"https:\/\/wp.me\/pcseDn-1Xm","_links":{"self":[{"href":"https:\/\/webdealta.info\/index.php?rest_route=\/wp\/v2\/posts\/7524","targetHints":{"allow":["GET"]}}],"collection":[{"href":"https:\/\/webdealta.info\/index.php?rest_route=\/wp\/v2\/posts"}],"about":[{"href":"https:\/\/webdealta.info\/index.php?rest_route=\/wp\/v2\/types\/post"}],"author":[{"embeddable":true,"href":"https:\/\/webdealta.info\/index.php?rest_route=\/wp\/v2\/users\/2"}],"replies":[{"embeddable":true,"href":"https:\/\/webdealta.info\/index.php?rest_route=%2Fwp%2Fv2%2Fcomments&post=7524"}],"version-history":[{"count":1,"href":"https:\/\/webdealta.info\/index.php?rest_route=\/wp\/v2\/posts\/7524\/revisions"}],"predecessor-version":[{"id":7526,"href":"https:\/\/webdealta.info\/index.php?rest_route=\/wp\/v2\/posts\/7524\/revisions\/7526"}],"wp:featuredmedia":[{"embeddable":true,"href":"https:\/\/webdealta.info\/index.php?rest_route=\/wp\/v2\/media\/7525"}],"wp:attachment":[{"href":"https:\/\/webdealta.info\/index.php?rest_route=%2Fwp%2Fv2%2Fmedia&parent=7524"}],"wp:term":[{"taxonomy":"category","embeddable":true,"href":"https:\/\/webdealta.info\/index.php?rest_route=%2Fwp%2Fv2%2Fcategories&post=7524"},{"taxonomy":"post_tag","embeddable":true,"href":"https:\/\/webdealta.info\/index.php?rest_route=%2Fwp%2Fv2%2Ftags&post=7524"}],"curies":[{"name":"wp","href":"https:\/\/api.w.org\/{rel}","templated":true}]}}