{"id":7506,"date":"2023-08-14T21:25:51","date_gmt":"2023-08-15T01:25:51","guid":{"rendered":"https:\/\/webdealta.info\/?p=7506"},"modified":"2023-08-14T21:26:34","modified_gmt":"2023-08-15T01:26:34","slug":"por-mal-calculo-de-prestaciones-protestaron-docentes-ante-el-mppe","status":"publish","type":"post","link":"https:\/\/webdealta.info\/?p=7506","title":{"rendered":"Por mal c\u00e1lculo de prestaciones protestaron docentes ante el MPPE"},"content":{"rendered":"\n<p>Amanda Saldivia.-<\/p>\n\n\n\n<p>Hasta Caracas se traslad\u00f3 un grupo de docentes jubilados del municipio Jos\u00e9 Tadeo Monagas, Gu\u00e1rico, a los fines de reclamar ante el Ministerio de Educaci\u00f3n el mal c\u00e1lculo de las prestaciones sociales que les correspond\u00edan por a\u00f1os de servicio.<\/p>\n\n\n\n<p>Olga Olivares, una de las maestras afectadas, explic\u00f3 que el caso est\u00e1 vinculado con la migraci\u00f3n de docentes que depend\u00edan el ejecutivo regional y que fueron trasladados administrativamente al Ministerio de Educaci\u00f3n en 2018, lo que al parecer gener\u00f3 que les alteraran el expediente, al extremo de que algunos aparec\u00edan con 5 a\u00f1os de servicio, en lugar de 30; mientras a otros los bajaron de categor\u00edas, no les reconocieron la ruralidad, ni el bono bolivariano.<\/p>\n\n\n\n<p>Sobre el n\u00famero de docentes que est\u00e1n atravesando por esa situaci\u00f3n, Olivares dijo que son 57 en el municipio Monagas, pero se estima que hay m\u00e1s de 300 en el estado Gu\u00e1rico, motivo por el cual prepararon consignas y pancartas para hacer sentir el reclamo a las afueras del Ministerio de Educaci\u00f3n, lugar donde se concentraron en horas de la ma\u00f1ana de este lunes 14 de agosto, acompa\u00f1adas por la dirigente sindical Elsa Castillo.<\/p>\n\n\n\n<p>Por \u00faltimo, precis\u00f3 que el resultado de la protesta fue que el Ministerio design\u00f3 una mesa t\u00e9cnica para atender cada uno de los casos, para con ello hacer el rec\u00e1lculo de las prestaciones sociales. <\/p>\n\n\n\n<p>@amandasaldivia<\/p>\n","protected":false},"excerpt":{"rendered":"<p>Amanda Saldivia.- Hasta Caracas se traslad\u00f3 un grupo de docentes jubilados del municipio Jos\u00e9 Tadeo Monagas, Gu\u00e1rico, a los fines de reclamar ante el Ministerio de Educaci\u00f3n el mal c\u00e1lculo de las prestaciones sociales que les correspond\u00edan por a\u00f1os de servicio. Olga Olivares, una de las maestras afectadas, explic\u00f3 que<\/p>\n","protected":false},"author":2,"featured_media":7507,"comment_status":"open","ping_status":"open","sticky":false,"template":"","format":"standard","meta":{"advanced_seo_description":"","jetpack_seo_html_title":"","jetpack_seo_noindex":false,"_jetpack_memberships_contains_paid_content":false,"footnotes":"","jetpack_publicize_message":"","jetpack_publicize_feature_enabled":true,"jetpack_social_post_already_shared":true,"jetpack_social_options":{"image_generator_settings":{"template":"highway","enabled":false},"version":2}},"categories":[138,251],"tags":[8,7,32],"class_list":["post-7506","post","type-post","status-publish","format-standard","has-post-thumbnail","hentry","category-reclamo-laboral","category-webdealta","tag-altagraciadeorituco","tag-guarico","tag-webdealta",""],"jetpack_publicize_connections":[],"jetpack_featured_media_url":"https:\/\/webdealta.info\/wp-content\/uploads\/2023\/08\/protesta-docentes-jubilados-webdealta-2023.png","jetpack_sharing_enabled":true,"jetpack_likes_enabled":true,"jetpack-related-posts":[],"jetpack_shortlink":"https:\/\/wp.me\/pcseDn-1X4","_links":{"self":[{"href":"https:\/\/webdealta.info\/index.php?rest_route=\/wp\/v2\/posts\/7506","targetHints":{"allow":["GET"]}}],"collection":[{"href":"https:\/\/webdealta.info\/index.php?rest_route=\/wp\/v2\/posts"}],"about":[{"href":"https:\/\/webdealta.info\/index.php?rest_route=\/wp\/v2\/types\/post"}],"author":[{"embeddable":true,"href":"https:\/\/webdealta.info\/index.php?rest_route=\/wp\/v2\/users\/2"}],"replies":[{"embeddable":true,"href":"https:\/\/webdealta.info\/index.php?rest_route=%2Fwp%2Fv2%2Fcomments&post=7506"}],"version-history":[{"count":1,"href":"https:\/\/webdealta.info\/index.php?rest_route=\/wp\/v2\/posts\/7506\/revisions"}],"predecessor-version":[{"id":7508,"href":"https:\/\/webdealta.info\/index.php?rest_route=\/wp\/v2\/posts\/7506\/revisions\/7508"}],"wp:featuredmedia":[{"embeddable":true,"href":"https:\/\/webdealta.info\/index.php?rest_route=\/wp\/v2\/media\/7507"}],"wp:attachment":[{"href":"https:\/\/webdealta.info\/index.php?rest_route=%2Fwp%2Fv2%2Fmedia&parent=7506"}],"wp:term":[{"taxonomy":"category","embeddable":true,"href":"https:\/\/webdealta.info\/index.php?rest_route=%2Fwp%2Fv2%2Fcategories&post=7506"},{"taxonomy":"post_tag","embeddable":true,"href":"https:\/\/webdealta.info\/index.php?rest_route=%2Fwp%2Fv2%2Ftags&post=7506"}],"curies":[{"name":"wp","href":"https:\/\/api.w.org\/{rel}","templated":true}]}}