{"id":7502,"date":"2023-08-13T21:08:31","date_gmt":"2023-08-14T01:08:31","guid":{"rendered":"https:\/\/webdealta.info\/?p=7502"},"modified":"2023-08-13T21:08:57","modified_gmt":"2023-08-14T01:08:57","slug":"vecinos-de-las-casitas-hasta-cuando-la-fase-caida","status":"publish","type":"post","link":"https:\/\/webdealta.info\/?p=7502","title":{"rendered":"Vecinos de Las Casitas: \u00a1Hasta cu\u00e1ndo la fase ca\u00edda!"},"content":{"rendered":"\n<p>Amanda Saldivia.-<\/p>\n\n\n\n<p>Las constantes fallas el\u00e9ctrica es el principal problema que afecta al sector Las Casitas de San Rafael de Orituco, municipio Jos\u00e9 Tadeo Monagas, Gu\u00e1rico, cuyos habitantes no encuentran que m\u00e1s gestiones hacer para lograr que se ejecuten los trabajos que permita superar los perennes cortes del servicio varias veces al d\u00eda.<\/p>\n\n\n\n<p>Este domingo hubo dos, popularmente llamados \u201cfase ca\u00edda\u201d y de inmediato habitantes de esa zona contactaron al equipo de la Web de Altagracia para exponer una vez m\u00e1s el caso, a los fines de llamar la atenci\u00f3n de las autorizades, toda vez que no han obtenido respuesta satisfactoria por la VenApp, ni en las reuniones en la oficina local de Corpoelec, as\u00ed como tampoco los contactos con la gerencia regional de esa empresa.<\/p>\n\n\n\n<p>Entre los testimonios est\u00e1 el de Mariana Bencomo, quien se\u00f1al\u00f3 que han sostenido reuniones, pero la soluci\u00f3n no llega, porque al parecer deben sustituir varios transformadores, pero en la VenApp aparece el caso como cerrado.<\/p>\n\n\n\n<p>\u201cLa fase se cae todos los d\u00edas y si hay una llovizna peor, hemos estado 16 horas continuas sin el servicio, queremos una soluci\u00f3n ya, los electrodom\u00e9sticos se nos han da\u00f1ado y qui\u00e9n los repone, la situaci\u00f3n pa\u00eds no da para comprar\u201d, se\u00f1al\u00f3 Mariana Bencomo a la Web de Altagracia.<\/p>\n\n\n\n<p>Otro vecino en reportar, este domingo 13 de agosto, la \u201cfase ca\u00edda\u201d fue Jos\u00e9 Emigdio Hern\u00e1ndez. \u00c9l envi\u00f3 las fotograf\u00edas que acompa\u00f1an esta nota de prensa, con el siguiente mensaje: Las Casitas de nuevo sin luz, no est\u00e1 lloviendo, no est\u00e1 haciendo brisa, no est\u00e1 pasando nada y qued\u00f3 una sola fase\u201d.<\/p>\n\n\n\n<p>@amandasaldivia  <\/p>\n\n\n\n<p><\/p>\n","protected":false},"excerpt":{"rendered":"<p>Amanda Saldivia.- Las constantes fallas el\u00e9ctrica es el principal problema que afecta al sector Las Casitas de San Rafael de Orituco, municipio Jos\u00e9 Tadeo Monagas, Gu\u00e1rico, cuyos habitantes no encuentran que m\u00e1s gestiones hacer para lograr que se ejecuten los trabajos que permita superar los perennes cortes del servicio varias<\/p>\n","protected":false},"author":2,"featured_media":7503,"comment_status":"open","ping_status":"open","sticky":false,"template":"","format":"standard","meta":{"advanced_seo_description":"","jetpack_seo_html_title":"","jetpack_seo_noindex":false,"_jetpack_memberships_contains_paid_content":false,"footnotes":"","jetpack_publicize_message":"","jetpack_publicize_feature_enabled":true,"jetpack_social_post_already_shared":true,"jetpack_social_options":{"image_generator_settings":{"template":"highway","enabled":false},"version":2}},"categories":[335,268,251],"tags":[8,7,32],"class_list":["post-7502","post","type-post","status-publish","format-standard","has-post-thumbnail","hentry","category-locales","category-servicios-publicos","category-webdealta","tag-altagraciadeorituco","tag-guarico","tag-webdealta",""],"jetpack_publicize_connections":[],"jetpack_featured_media_url":"https:\/\/webdealta.info\/wp-content\/uploads\/2023\/08\/luz-san-rafael-webdealta-fase-caida.png","jetpack_sharing_enabled":true,"jetpack_likes_enabled":true,"jetpack-related-posts":[],"jetpack_shortlink":"https:\/\/wp.me\/pcseDn-1X0","_links":{"self":[{"href":"https:\/\/webdealta.info\/index.php?rest_route=\/wp\/v2\/posts\/7502","targetHints":{"allow":["GET"]}}],"collection":[{"href":"https:\/\/webdealta.info\/index.php?rest_route=\/wp\/v2\/posts"}],"about":[{"href":"https:\/\/webdealta.info\/index.php?rest_route=\/wp\/v2\/types\/post"}],"author":[{"embeddable":true,"href":"https:\/\/webdealta.info\/index.php?rest_route=\/wp\/v2\/users\/2"}],"replies":[{"embeddable":true,"href":"https:\/\/webdealta.info\/index.php?rest_route=%2Fwp%2Fv2%2Fcomments&post=7502"}],"version-history":[{"count":1,"href":"https:\/\/webdealta.info\/index.php?rest_route=\/wp\/v2\/posts\/7502\/revisions"}],"predecessor-version":[{"id":7504,"href":"https:\/\/webdealta.info\/index.php?rest_route=\/wp\/v2\/posts\/7502\/revisions\/7504"}],"wp:featuredmedia":[{"embeddable":true,"href":"https:\/\/webdealta.info\/index.php?rest_route=\/wp\/v2\/media\/7503"}],"wp:attachment":[{"href":"https:\/\/webdealta.info\/index.php?rest_route=%2Fwp%2Fv2%2Fmedia&parent=7502"}],"wp:term":[{"taxonomy":"category","embeddable":true,"href":"https:\/\/webdealta.info\/index.php?rest_route=%2Fwp%2Fv2%2Fcategories&post=7502"},{"taxonomy":"post_tag","embeddable":true,"href":"https:\/\/webdealta.info\/index.php?rest_route=%2Fwp%2Fv2%2Ftags&post=7502"}],"curies":[{"name":"wp","href":"https:\/\/api.w.org\/{rel}","templated":true}]}}