{"id":7491,"date":"2023-08-12T12:06:25","date_gmt":"2023-08-12T16:06:25","guid":{"rendered":"https:\/\/webdealta.info\/?p=7491"},"modified":"2023-08-12T12:06:44","modified_gmt":"2023-08-12T16:06:44","slug":"el-poder-del-conocimiento-invencion-de-la-bicicleta-y-cuando-llego-a-altagracia","status":"publish","type":"post","link":"https:\/\/webdealta.info\/?p=7491","title":{"rendered":"El Poder del Conocimiento: invenci\u00f3n de la bicicleta y cu\u00e1ndo lleg\u00f3 a Altagracia"},"content":{"rendered":"\n<p>Amanda Saldivia.-<\/p>\n\n\n\n<p>Cada d\u00eda son m\u00e1s las ciudades en el mundo que acondicionan v\u00edas para facilitar la movilidad de los ciudadanos en bicicletas. Con ello, se fomenta la actividad f\u00edsica, al tiempo de que hay un ahorro de combustible, y por ende una menor emanaci\u00f3n de gases a la atm\u00f3sfera.<\/p>\n\n\n\n<p>Pero, cu\u00e1ndo y qui\u00e9n invent\u00f3 este tipo de veh\u00edculo de dos ruedas. En el portal El Pa\u00eds del Espa\u00f1a, precisan que se le atribuye el ensamblaje al bar\u00f3n alem\u00e1n Karl von Drais, quien en 1817 construy\u00f3 la primera bicicleta, a la cual llam\u00f3 m\u00e1quina corredora. Era de madera, no ten\u00eda pedales, sino que funcionaba empuj\u00e1ndola con los pies.<\/p>\n\n\n\n<p>Relata el portal, que el bar\u00f3n quer\u00eda ofrecer un medio de transporte barato y m\u00e1s f\u00e1cil de mantener que los caballos. As\u00ed comenz\u00f3 toda una historia de evoluci\u00f3n de la bicicleta, que incluy\u00f3 en el a\u00f1o 1839 la incorporaci\u00f3n de los pedales y a partir de all\u00ed modelos extravagantes, como las bicicletas altas que trajeron ca\u00eddas aparatosas de los conductores. Despu\u00e9s se impusieron las llamadas seguras, modelos similares a las que conocemos hoy en d\u00eda.<\/p>\n\n\n\n<p>En el Orituco tambi\u00e9n la bicicleta lleg\u00f3 y caus\u00f3 revuelo. En el libro Historia del Beisbol en Altagracia, obra del poeta Jos\u00e9 Francisco Mart\u00ednez, no precisa fecha, pero cita que la primera bicicleta que se conoci\u00f3 en nuestra poblaci\u00f3n la llev\u00f3 el maestro \u00c1ngel Hern\u00e1ndez, quien \u201cfue contratado por Don Manuel Machado para que montara unas m\u00e1quinas en la hacienda La Quinta\u201d.<\/p>\n\n\n\n<p>De acuerdo a la versi\u00f3n publicada, despu\u00e9s tuvo una bicicleta Felicio Gir\u00f3n, y para el a\u00f1o 1919 el Dr. Pedro Mar\u00eda Ar\u00e9valo Cede\u00f1o compr\u00f3 dos para sus hijos. Igualmente apunt\u00f3 que entre 1926 a 1930 las bicicletas existentes en Altagracia no pasaban de seis.<\/p>\n\n\n\n<p>La fecha que si precisa el poeta Mart\u00ednez, es que el 10 de junio de 1926 Luis Emilio Infante y Tito Orozco hicieron un viaje en bicicleta a San Francisco de Macaira, el cual fue rese\u00f1ado en el peri\u00f3dico El Trabajo en su edici\u00f3n n\u00famero 42 de fecha 15 de junio de ese mismo a\u00f1o. La nota de prensa dec\u00eda lo siguiente:<\/p>\n\n\n\n<p>\u201cLos j\u00f3venes Luis Emilio Infante y Tito Orozco, batieron la semana pasada r\u00e9cord, efectuando un viaje en bicicleta de Altagracia a San Francisco de Macaira, regresando el d\u00eda siguiente en los mismos veh\u00edculos, por la carretera de Turmerino.\u201d. El tiempo estimado fue de tres horas.<\/p>\n\n\n\n<p>Rese\u00f1a maravillosa de como el invent\u00f3 de un Bar\u00f3n alem\u00e1n se populariz\u00f3 por el mundo y la importancia de los medios de comunicaci\u00f3n social, porque el peri\u00f3dico El Trabajo plasm\u00f3 para la historia qui\u00e9nes fueron los primeros orituque\u00f1os que se trasladaron en bicicleta desde Altagracia hasta San Francisco de Macaira, donde fueron recibidos por una entusiasta poblaci\u00f3n.<\/p>\n\n\n\n<p>@amandasaldivia<\/p>\n\n\n\n<p>Foto cortes\u00eda<\/p>\n","protected":false},"excerpt":{"rendered":"<p>Amanda Saldivia.- Cada d\u00eda son m\u00e1s las ciudades en el mundo que acondicionan v\u00edas para facilitar la movilidad de los ciudadanos en bicicletas. Con ello, se fomenta la actividad f\u00edsica, al tiempo de que hay un ahorro de combustible, y por ende una menor emanaci\u00f3n de gases a la atm\u00f3sfera.<\/p>\n","protected":false},"author":2,"featured_media":7492,"comment_status":"open","ping_status":"open","sticky":false,"template":"","format":"standard","meta":{"advanced_seo_description":"","jetpack_seo_html_title":"","jetpack_seo_noindex":false,"_jetpack_memberships_contains_paid_content":false,"footnotes":"","jetpack_publicize_message":"","jetpack_publicize_feature_enabled":true,"jetpack_social_post_already_shared":true,"jetpack_social_options":{"image_generator_settings":{"template":"highway","enabled":false},"version":2}},"categories":[302,251],"tags":[8,7,32],"class_list":["post-7491","post","type-post","status-publish","format-standard","has-post-thumbnail","hentry","category-el-poder-del-conocimiento","category-webdealta","tag-altagraciadeorituco","tag-guarico","tag-webdealta",""],"jetpack_publicize_connections":[],"jetpack_featured_media_url":"https:\/\/webdealta.info\/wp-content\/uploads\/2023\/08\/la-primera-bicicleta-webdealta.png","jetpack_sharing_enabled":true,"jetpack_likes_enabled":true,"jetpack-related-posts":[],"jetpack_shortlink":"https:\/\/wp.me\/pcseDn-1WP","_links":{"self":[{"href":"https:\/\/webdealta.info\/index.php?rest_route=\/wp\/v2\/posts\/7491","targetHints":{"allow":["GET"]}}],"collection":[{"href":"https:\/\/webdealta.info\/index.php?rest_route=\/wp\/v2\/posts"}],"about":[{"href":"https:\/\/webdealta.info\/index.php?rest_route=\/wp\/v2\/types\/post"}],"author":[{"embeddable":true,"href":"https:\/\/webdealta.info\/index.php?rest_route=\/wp\/v2\/users\/2"}],"replies":[{"embeddable":true,"href":"https:\/\/webdealta.info\/index.php?rest_route=%2Fwp%2Fv2%2Fcomments&post=7491"}],"version-history":[{"count":1,"href":"https:\/\/webdealta.info\/index.php?rest_route=\/wp\/v2\/posts\/7491\/revisions"}],"predecessor-version":[{"id":7493,"href":"https:\/\/webdealta.info\/index.php?rest_route=\/wp\/v2\/posts\/7491\/revisions\/7493"}],"wp:featuredmedia":[{"embeddable":true,"href":"https:\/\/webdealta.info\/index.php?rest_route=\/wp\/v2\/media\/7492"}],"wp:attachment":[{"href":"https:\/\/webdealta.info\/index.php?rest_route=%2Fwp%2Fv2%2Fmedia&parent=7491"}],"wp:term":[{"taxonomy":"category","embeddable":true,"href":"https:\/\/webdealta.info\/index.php?rest_route=%2Fwp%2Fv2%2Fcategories&post=7491"},{"taxonomy":"post_tag","embeddable":true,"href":"https:\/\/webdealta.info\/index.php?rest_route=%2Fwp%2Fv2%2Ftags&post=7491"}],"curies":[{"name":"wp","href":"https:\/\/api.w.org\/{rel}","templated":true}]}}