{"id":7477,"date":"2023-08-09T07:52:46","date_gmt":"2023-08-09T11:52:46","guid":{"rendered":"https:\/\/webdealta.info\/?p=7477"},"modified":"2023-08-09T19:57:02","modified_gmt":"2023-08-09T23:57:02","slug":"inaugurado-concesionario-motos-toro-altagracia","status":"publish","type":"post","link":"https:\/\/webdealta.info\/?p=7477","title":{"rendered":"Inaugurado concesionario Motos Toro Altagracia"},"content":{"rendered":"\n<p>Amanda Saldivia.-<\/p>\n\n\n\n<p>El d\u00e9cimo concesionario Toro Motorcycles Venezuela fue inaugurado en Altagracia de Orituco, este martes 8 de agosto, por iniciativa de Gabriel De Angelis, quien cort\u00f3 la cinta en compa\u00f1\u00eda de Jos\u00e9 Beirouti, propietario de la marca; Pedro Sol\u00f3rzano, alcalde del municipio Jos\u00e9 Tadeo Monagas, as\u00ed como tambi\u00e9n familiares, amigos y futuros compradores.<\/p>\n\n\n\n<p>El local cont\u00f3 con la bendici\u00f3n del padre Cruz Mujica, p\u00e1rroco de la iglesia nuestra Se\u00f1ora de Altagracia, para posteriormente pasar el acto protocolar que incluy\u00f3 las palabras del alcalde Pedro Sol\u00f3rzano, Gabriel De Angelis y Jos\u00e9 Beirouti, en medio de m\u00e1s de 100 personas que celebraron la inauguraci\u00f3n del concesionario de Motos Toro Altagracia.<\/p>\n\n\n\n<p>\u201cEstos son signos y s\u00edntomas de crecimiento\u201d expres\u00f3 el alcalde Pedro Sol\u00f3rzano es sus palabras en el acto de inauguraci\u00f3n, donde reiter\u00f3 el apoyo para esta iniciativa privada y otras pr\u00f3ximas a concretarse en el Orituco, adem\u00e1s que agradecer por creer en Venezuela, porque eso fortalece la econom\u00eda del municipio Monagas.<\/p>\n\n\n\n<p>Por su parte, Gabriel De Angelis, como propietario del concesionario Motos Toro Altagracia, agradeci\u00f3 la presencia del padre Cruz Mujica, de autoridades, representantes de la ensambladora, a la familia y los asistentes, para luego contar que \u201ctodo comenz\u00f3 como un sue\u00f1o y hoy se vuelve realidad, todo se dio como una cadena, por eslabones paso a paso, hoy le colocamos el empate a esa cadena y cerramos el \u00faltimo eslab\u00f3n para consolidar un engrane perfecto y lograr fuerza de tracci\u00f3n para el arranque e iniciaci\u00f3n de las labores de este concesionario y a su vez aportamos un grano de arena al pueblo para el crecimiento y desarrollo de esta poblaci\u00f3n\u201d.<\/p>\n\n\n\n<p>Tambi\u00e9n la palabra sue\u00f1o, fue parafraseada por Jos\u00e9 Beirouti, al compartir que la ensambladora Toro Motorcycles fue parte de las reflexiones durante el encierro por la pandemia, hasta que se cristaliz\u00f3 el pasado 13 de julio y ya se estaba inaugurando el concesionario n\u00famero 10 en el pa\u00eds.<\/p>\n\n\n\n<p>\u201cEmpezamos otra vez a so\u00f1ar y esto se fue consolidando\u2026no tenemos ni quisiera un mes que aperturamos, hoy estamos inaugurando nuestro d\u00e9cimo concesionario a nivel nacional\u201d, hasta completar 60 proyectados en los pr\u00f3ximo 45 d\u00edas, dijo Beurouti.<\/p>\n\n\n\n<p>Aprovech\u00f3 la oportunidad para mencionar que la situaci\u00f3n del pa\u00eds es complicada, pero reiter\u00f3 que \u201ccreemos en el progreso, creemos que esto va a mejorar para todos y estamos apostando al futuro, estamos apostando al futuro de todos los municipios\u201d.<\/p>\n\n\n\n<p>El acto cerr\u00f3 con el brindis y la venta efectiva de al menos tres motocicletas Toro.<\/p>\n\n\n\n<p>@amandasaldivia  <\/p>\n\n\n\n<p><\/p>\n","protected":false},"excerpt":{"rendered":"<p>Amanda Saldivia.- El d\u00e9cimo concesionario Toro Motorcycles Venezuela fue inaugurado en Altagracia de Orituco, este martes 8 de agosto, por iniciativa de Gabriel De Angelis, quien cort\u00f3 la cinta en compa\u00f1\u00eda de Jos\u00e9 Beirouti, propietario de la marca; Pedro Sol\u00f3rzano, alcalde del municipio Jos\u00e9 Tadeo Monagas, as\u00ed como tambi\u00e9n familiares,<\/p>\n","protected":false},"author":2,"featured_media":7478,"comment_status":"open","ping_status":"open","sticky":false,"template":"","format":"standard","meta":{"advanced_seo_description":"","jetpack_seo_html_title":"","jetpack_seo_noindex":false,"_jetpack_memberships_contains_paid_content":false,"footnotes":"","jetpack_publicize_message":"","jetpack_publicize_feature_enabled":true,"jetpack_social_post_already_shared":true,"jetpack_social_options":{"image_generator_settings":{"template":"highway","enabled":false},"version":2}},"categories":[117,251],"tags":[8,7,32],"class_list":["post-7477","post","type-post","status-publish","format-standard","has-post-thumbnail","hentry","category-celebracion","category-webdealta","tag-altagraciadeorituco","tag-guarico","tag-webdealta",""],"jetpack_publicize_connections":[],"jetpack_featured_media_url":"https:\/\/webdealta.info\/wp-content\/uploads\/2023\/08\/motos-toro-altagracia-webdealta.png","jetpack_sharing_enabled":true,"jetpack_likes_enabled":true,"jetpack-related-posts":[],"jetpack_shortlink":"https:\/\/wp.me\/pcseDn-1WB","_links":{"self":[{"href":"https:\/\/webdealta.info\/index.php?rest_route=\/wp\/v2\/posts\/7477","targetHints":{"allow":["GET"]}}],"collection":[{"href":"https:\/\/webdealta.info\/index.php?rest_route=\/wp\/v2\/posts"}],"about":[{"href":"https:\/\/webdealta.info\/index.php?rest_route=\/wp\/v2\/types\/post"}],"author":[{"embeddable":true,"href":"https:\/\/webdealta.info\/index.php?rest_route=\/wp\/v2\/users\/2"}],"replies":[{"embeddable":true,"href":"https:\/\/webdealta.info\/index.php?rest_route=%2Fwp%2Fv2%2Fcomments&post=7477"}],"version-history":[{"count":2,"href":"https:\/\/webdealta.info\/index.php?rest_route=\/wp\/v2\/posts\/7477\/revisions"}],"predecessor-version":[{"id":7480,"href":"https:\/\/webdealta.info\/index.php?rest_route=\/wp\/v2\/posts\/7477\/revisions\/7480"}],"wp:featuredmedia":[{"embeddable":true,"href":"https:\/\/webdealta.info\/index.php?rest_route=\/wp\/v2\/media\/7478"}],"wp:attachment":[{"href":"https:\/\/webdealta.info\/index.php?rest_route=%2Fwp%2Fv2%2Fmedia&parent=7477"}],"wp:term":[{"taxonomy":"category","embeddable":true,"href":"https:\/\/webdealta.info\/index.php?rest_route=%2Fwp%2Fv2%2Fcategories&post=7477"},{"taxonomy":"post_tag","embeddable":true,"href":"https:\/\/webdealta.info\/index.php?rest_route=%2Fwp%2Fv2%2Ftags&post=7477"}],"curies":[{"name":"wp","href":"https:\/\/api.w.org\/{rel}","templated":true}]}}