{"id":7472,"date":"2023-08-07T21:15:38","date_gmt":"2023-08-08T01:15:38","guid":{"rendered":"https:\/\/webdealta.info\/?p=7472"},"modified":"2023-08-07T21:15:39","modified_gmt":"2023-08-08T01:15:39","slug":"julio-dejo-suelos-saturados-por-lluvias-totales-de-3278-mm","status":"publish","type":"post","link":"https:\/\/webdealta.info\/?p=7472","title":{"rendered":"Julio dej\u00f3 suelos saturados por lluvias totales de 327,8 mm"},"content":{"rendered":"\n<p>Amanda Saldivia.-<\/p>\n\n\n\n<p>Suelos cargados de humedad dej\u00f3 el mes de julio de 2023, producto de las precipitaciones \u201cdentro de la calificaci\u00f3n de extremas, moderadas, fuertes y d\u00e9biles\u201d registradas en ese per\u00edodo, con acumulados de 73,0 mm en 24 horas, lo que es indicativo \u201cde las alertas tempranas que se deben activar en zonas vulnerables\u201d de Altagracia de Orituco.<\/p>\n\n\n\n<p>Ese fue parte del an\u00e1lisis plasmado en el resumen hidroclim\u00e1tico de la estaci\u00f3n del Inameh Altagracia-Apasygua, instalada desde hace m\u00e1s de un a\u00f1o en la sede de esa asociaci\u00f3n productores agropecuarios, cuyos datos son procesados por el t\u00e9cnico en hidrometeorolog\u00eda Javier \u00c1lvarez.<\/p>\n\n\n\n<p>El total de precipitaciones del mes de julio fue de 327,8 mm, \u201csuperando en 190%, el promedio de la zona que es de 174,3 mm; esto nos deja unos suelos muy cargados de humedad\u201d, precis\u00f3 \u00c1lvarez en el informe compartido con este medio de comunicaci\u00f3n digital.<\/p>\n\n\n\n<p>En cuanto a las temperaturas, se\u00f1al\u00f3 que el \u201cpromedio fue de 26,3 \u00b0C, la cual est\u00e1 por encima en 1,1 \u00b0C, respecto a los registros de la zona, la cual es de 25,2 \u00b0C para el mes. Sin embargo, estuvieron por debajo de las mediciones efectuadas en el mes de junio pasado, aunque se mantuvo \u201cuna sensaci\u00f3n t\u00e9rmica sofocante durante el d\u00eda, no ha sido tan caluroso el mes, como los dos anteriores\u201d.<\/p>\n\n\n\n<p>Con los datos analizados, dijo \u00c1lvarez, se puede \u201cconcluir que, para el mes de julio del a\u00f1o 2023, el comportamiento clim\u00e1tico fue suficientemente favorable en la parroquia Altagracia de Orituco y zonas adyacentes, ya que durante el mismo fueron mejorando las condiciones en cuanto se refiere a temperatura, humedad y precipitaci\u00f3n, es decir que hubo estabilidad en la relaci\u00f3n humedad y temperatura\u201d.<\/p>\n\n\n\n<p>Asimismo, indic\u00f3 que las lluvias por su intensidad se sintieron en la zona urbana, donde se \u201cdesbordaron canales, afectando a viviendas y transe\u00fantes, obstaculizando en tr\u00e1fico de veh\u00edculos y personas; lo que es propio de una zona con la topograf\u00eda que presenta esta parroquia, que, al tener importantes canales naturales de desag\u00fce y pendientes moderadas, las aguas tienden a desplazarse con velocidades importantes, seg\u00fan el volumen\u201d.<\/p>\n\n\n\n<p>Igualmente, mencion\u00f3 que la \u201cinfraestructura que se ha construido en muchos canales ha reducido su capacidad de descarga y esto ha ocasionado el colapso, en algunos casos cuando se suceden lluvias que superan los 30 mm en una o dos horas\u201d.<\/p>\n\n\n\n<p>@amandasaldivia  <\/p>\n\n\n\n<p><\/p>\n","protected":false},"excerpt":{"rendered":"<p>Amanda Saldivia.- Suelos cargados de humedad dej\u00f3 el mes de julio de 2023, producto de las precipitaciones \u201cdentro de la calificaci\u00f3n de extremas, moderadas, fuertes y d\u00e9biles\u201d registradas en ese per\u00edodo, con acumulados de 73,0 mm en 24 horas, lo que es indicativo \u201cde las alertas tempranas que se deben<\/p>\n","protected":false},"author":2,"featured_media":7473,"comment_status":"open","ping_status":"open","sticky":false,"template":"","format":"standard","meta":{"advanced_seo_description":"","jetpack_seo_html_title":"","jetpack_seo_noindex":false,"_jetpack_memberships_contains_paid_content":false,"footnotes":"","jetpack_publicize_message":"","jetpack_publicize_feature_enabled":true,"jetpack_social_post_already_shared":true,"jetpack_social_options":{"image_generator_settings":{"template":"highway","enabled":false},"version":2}},"categories":[316,251],"tags":[8,7,32],"class_list":["post-7472","post","type-post","status-publish","format-standard","has-post-thumbnail","hentry","category-clima","category-webdealta","tag-altagraciadeorituco","tag-guarico","tag-webdealta",""],"jetpack_publicize_connections":[],"jetpack_featured_media_url":"https:\/\/webdealta.info\/wp-content\/uploads\/2023\/08\/javier-alvarez-webdealta-julio-2023.png","jetpack_sharing_enabled":true,"jetpack_likes_enabled":true,"jetpack-related-posts":[],"jetpack_shortlink":"https:\/\/wp.me\/pcseDn-1Ww","_links":{"self":[{"href":"https:\/\/webdealta.info\/index.php?rest_route=\/wp\/v2\/posts\/7472","targetHints":{"allow":["GET"]}}],"collection":[{"href":"https:\/\/webdealta.info\/index.php?rest_route=\/wp\/v2\/posts"}],"about":[{"href":"https:\/\/webdealta.info\/index.php?rest_route=\/wp\/v2\/types\/post"}],"author":[{"embeddable":true,"href":"https:\/\/webdealta.info\/index.php?rest_route=\/wp\/v2\/users\/2"}],"replies":[{"embeddable":true,"href":"https:\/\/webdealta.info\/index.php?rest_route=%2Fwp%2Fv2%2Fcomments&post=7472"}],"version-history":[{"count":1,"href":"https:\/\/webdealta.info\/index.php?rest_route=\/wp\/v2\/posts\/7472\/revisions"}],"predecessor-version":[{"id":7474,"href":"https:\/\/webdealta.info\/index.php?rest_route=\/wp\/v2\/posts\/7472\/revisions\/7474"}],"wp:featuredmedia":[{"embeddable":true,"href":"https:\/\/webdealta.info\/index.php?rest_route=\/wp\/v2\/media\/7473"}],"wp:attachment":[{"href":"https:\/\/webdealta.info\/index.php?rest_route=%2Fwp%2Fv2%2Fmedia&parent=7472"}],"wp:term":[{"taxonomy":"category","embeddable":true,"href":"https:\/\/webdealta.info\/index.php?rest_route=%2Fwp%2Fv2%2Fcategories&post=7472"},{"taxonomy":"post_tag","embeddable":true,"href":"https:\/\/webdealta.info\/index.php?rest_route=%2Fwp%2Fv2%2Ftags&post=7472"}],"curies":[{"name":"wp","href":"https:\/\/api.w.org\/{rel}","templated":true}]}}