{"id":7466,"date":"2023-08-06T17:28:23","date_gmt":"2023-08-06T21:28:23","guid":{"rendered":"https:\/\/webdealta.info\/?p=7466"},"modified":"2023-08-06T17:28:25","modified_gmt":"2023-08-06T21:28:25","slug":"caminantes-cumplieron-el-reto-de-24k-altagracia-macaira","status":"publish","type":"post","link":"https:\/\/webdealta.info\/?p=7466","title":{"rendered":"Caminantes cumplieron el reto de 24K Altagracia-Macaira"},"content":{"rendered":"\n<h4 class=\"wp-block-heading\">Excelente organizaci\u00f3n de la UPT de los Llanos Juana Ram\u00edrez<\/h4>\n\n\n\n<p>Amanda Saldivia.-<\/p>\n\n\n\n<p>En medio de una ma\u00f1ana de domingo nublada, con lloviznas eventuales y la buena vibra de m\u00e1s de 150 participantes, se cumpli\u00f3 el reto 24K de la caminata ecol\u00f3gica por la salud, la paz, el amor y la amistad, organizada por la Universidad Polit\u00e9cnica Territorial de los Llanos Juana Ram\u00edrez, que contempl\u00f3 la ruta desde la sede de esa instituci\u00f3n hasta San Francisco de Macaira.<\/p>\n\n\n\n<p>Esta tradicional caminata, cubri\u00f3 con todos los aspectos log\u00edsticos, entre ellos transporte de regreso desde Macaira, puntos de hidrataci\u00f3n con agua y frutas, sopa, apoyo de funcionarios de Protecci\u00f3n Civil, cuerpo de bomberos Andr\u00e9 Fourneau, Inparques, Centro para el Desarrollo la Calidad Educativa, y la alcald\u00eda del municipio Jos\u00e9 Tadeo Monagas, instituci\u00f3n que colabor\u00f3 con lo necesario para el \u00e9xito de la jornada, al igual que comerciantes que todos los a\u00f1os se suman para que esta tradici\u00f3n se mantenga.<\/p>\n\n\n\n<p>A la llegada a Macaira destac\u00f3 como anfitriona Mariela Acosta, comisionada territorial del Gobierno de Gu\u00e1rico, quien estuvo atenta en todo momento ante cualquier requerimiento del equipo promotor, as\u00ed como tambi\u00e9n de recibir a los caminantes que paulatinamente alcanzaban la meta, luego de partir de Altagracia de Orituco, a los 6:20 am, aproximadamente.<\/p>\n\n\n\n<p>Beralia Bravo, coordinadora de la caminata, junto al profesor Irving Ibirmas, director de esa casa de estudios universitarios, se mostr\u00f3 complacida por el \u00e9xito de la jornada y mencion\u00f3 que se dar\u00e1 oficialmente el listado de los colaboradores, por unirse a una actividad que procura fomentar la actividad f\u00edsica, junto a los valores tan necesarios para la convivencia.<\/p>\n\n\n\n<p>En cuanto a los resultados, hay que precisar que, aunque no hay premiaci\u00f3n y se trata de una caminata de tipo recreativo, los primeros en llegar fueron Jos\u00e9 Colmenares y Elias Pedriquez, integrantes del club Gracitanos Runners, quienes decidieron hacer el recorrido estilo carrera, con un tiempo de 2 horas con 43 minutos.<\/p>\n\n\n\n<figure class=\"wp-block-image size-large\"><img loading=\"lazy\" decoding=\"async\" width=\"1024\" height=\"546\" src=\"https:\/\/webdealta.info\/wp-content\/uploads\/2023\/08\/caminata-webdealta-2023-2-1024x546.png\" alt=\"\" class=\"wp-image-7468\" srcset=\"https:\/\/webdealta.info\/wp-content\/uploads\/2023\/08\/caminata-webdealta-2023-2.png 1024w, https:\/\/webdealta.info\/wp-content\/uploads\/2023\/08\/caminata-webdealta-2023-2.png 300w, https:\/\/webdealta.info\/wp-content\/uploads\/2023\/08\/caminata-webdealta-2023-2.png 768w, https:\/\/webdealta.info\/wp-content\/uploads\/2023\/08\/caminata-webdealta-2023-2.png 1170w, https:\/\/webdealta.info\/wp-content\/uploads\/2023\/08\/caminata-webdealta-2023-2.png 1500w, https:\/\/webdealta.info\/wp-content\/uploads\/2023\/08\/caminata-webdealta-2023-2.png 1280w\" sizes=\"auto, (max-width: 640px) 100vw, 640px\" \/><\/figure>\n\n\n\n<p>Seguidos llegaron otros corredores, entre ellos Miguel Tomas, Franklin Gonz\u00e1lez y Jos\u00e9 Miguel Fajardo; mientras que en femenino la primera en cruzar la meta fue Neila Kilegi.<\/p>\n\n\n\n<p>Otro aspecto a destacar, fue la participaci\u00f3n del equipo de la Direcci\u00f3n de Cultura, Artes y Patrimonio de la alcald\u00eda del municipio Monagas, quienes se sumaron con log\u00edstica y el repique de la agrupaci\u00f3n de tambor Cuero, Ritmo y Expresi\u00f3n FAEMSB, para amenizar a\u00fan m\u00e1s la caminata.<\/p>\n\n\n\n<figure class=\"wp-block-image size-large\"><img loading=\"lazy\" decoding=\"async\" width=\"1024\" height=\"546\" src=\"https:\/\/webdealta.info\/wp-content\/uploads\/2023\/08\/caminata-3-webdealta-1024x546.png\" alt=\"\" class=\"wp-image-7469\" srcset=\"https:\/\/webdealta.info\/wp-content\/uploads\/2023\/08\/caminata-3-webdealta.png 1024w, https:\/\/webdealta.info\/wp-content\/uploads\/2023\/08\/caminata-3-webdealta.png 300w, https:\/\/webdealta.info\/wp-content\/uploads\/2023\/08\/caminata-3-webdealta.png 768w, https:\/\/webdealta.info\/wp-content\/uploads\/2023\/08\/caminata-3-webdealta.png 1170w, https:\/\/webdealta.info\/wp-content\/uploads\/2023\/08\/caminata-3-webdealta.png 1500w, https:\/\/webdealta.info\/wp-content\/uploads\/2023\/08\/caminata-3-webdealta.png 1280w\" sizes=\"auto, (max-width: 640px) 100vw, 640px\" \/><\/figure>\n\n\n\n<p>Como en a\u00f1os anteriores, se sum\u00f3 el club de ciclismo de Altagracia de Orituco, quienes con entusiasmo hicieron el exigente recorrido y daban \u00e1nimo a los caminantes.<\/p>\n\n\n\n<p>@amandasaldivia  <\/p>\n\n\n\n<p><\/p>\n","protected":false},"excerpt":{"rendered":"<p>Excelente organizaci\u00f3n de la UPT de los Llanos Juana Ram\u00edrez Amanda Saldivia.- En medio de una ma\u00f1ana de domingo nublada, con lloviznas eventuales y la buena vibra de m\u00e1s de 150 participantes, se cumpli\u00f3 el reto 24K de la caminata ecol\u00f3gica por la salud, la paz, el amor y la<\/p>\n","protected":false},"author":2,"featured_media":7467,"comment_status":"open","ping_status":"open","sticky":false,"template":"","format":"standard","meta":{"advanced_seo_description":"","jetpack_seo_html_title":"","jetpack_seo_noindex":false,"_jetpack_memberships_contains_paid_content":false,"footnotes":"","jetpack_publicize_message":"","jetpack_publicize_feature_enabled":true,"jetpack_social_post_already_shared":true,"jetpack_social_options":{"image_generator_settings":{"template":"highway","enabled":false},"version":2}},"categories":[111,322,251],"tags":[8,7,32],"class_list":["post-7466","post","type-post","status-publish","format-standard","has-post-thumbnail","hentry","category-deporte","category-recreacion","category-webdealta","tag-altagraciadeorituco","tag-guarico","tag-webdealta",""],"jetpack_publicize_connections":[],"jetpack_featured_media_url":"https:\/\/webdealta.info\/wp-content\/uploads\/2023\/08\/caminata-webdealta-2023.png","jetpack_sharing_enabled":true,"jetpack_likes_enabled":true,"jetpack-related-posts":[],"jetpack_shortlink":"https:\/\/wp.me\/pcseDn-1Wq","_links":{"self":[{"href":"https:\/\/webdealta.info\/index.php?rest_route=\/wp\/v2\/posts\/7466","targetHints":{"allow":["GET"]}}],"collection":[{"href":"https:\/\/webdealta.info\/index.php?rest_route=\/wp\/v2\/posts"}],"about":[{"href":"https:\/\/webdealta.info\/index.php?rest_route=\/wp\/v2\/types\/post"}],"author":[{"embeddable":true,"href":"https:\/\/webdealta.info\/index.php?rest_route=\/wp\/v2\/users\/2"}],"replies":[{"embeddable":true,"href":"https:\/\/webdealta.info\/index.php?rest_route=%2Fwp%2Fv2%2Fcomments&post=7466"}],"version-history":[{"count":1,"href":"https:\/\/webdealta.info\/index.php?rest_route=\/wp\/v2\/posts\/7466\/revisions"}],"predecessor-version":[{"id":7470,"href":"https:\/\/webdealta.info\/index.php?rest_route=\/wp\/v2\/posts\/7466\/revisions\/7470"}],"wp:featuredmedia":[{"embeddable":true,"href":"https:\/\/webdealta.info\/index.php?rest_route=\/wp\/v2\/media\/7467"}],"wp:attachment":[{"href":"https:\/\/webdealta.info\/index.php?rest_route=%2Fwp%2Fv2%2Fmedia&parent=7466"}],"wp:term":[{"taxonomy":"category","embeddable":true,"href":"https:\/\/webdealta.info\/index.php?rest_route=%2Fwp%2Fv2%2Fcategories&post=7466"},{"taxonomy":"post_tag","embeddable":true,"href":"https:\/\/webdealta.info\/index.php?rest_route=%2Fwp%2Fv2%2Ftags&post=7466"}],"curies":[{"name":"wp","href":"https:\/\/api.w.org\/{rel}","templated":true}]}}