{"id":7460,"date":"2023-08-06T15:56:15","date_gmt":"2023-08-06T19:56:15","guid":{"rendered":"https:\/\/webdealta.info\/?p=7460"},"modified":"2023-08-06T15:56:17","modified_gmt":"2023-08-06T19:56:17","slug":"estacion-meteorologica-yv5ve-presento-datos-de-julio","status":"publish","type":"post","link":"https:\/\/webdealta.info\/?p=7460","title":{"rendered":"Estaci\u00f3n Meteorol\u00f3gica YV5VE present\u00f3 datos de julio"},"content":{"rendered":"\n<p>Amanda Saldivia.-<\/p>\n\n\n\n<p>La Estaci\u00f3n Meteorol\u00f3gica YV5VE, operada por William Fourneau, radioaficionado y observador del clima en la regi\u00f3n de Altagracia de Orituco, Gu\u00e1rico, present\u00f3 los datos correspondientes al mes de julio de 2023.<\/p>\n\n\n\n<p>Los registros permitieron comparar, entre otros par\u00e1metros, que hubo m\u00e1s precipitaciones en julio, que, en junio de este mismo a\u00f1o, con una diferencia de 110.6 mm. A continuaci\u00f3n, los datos que arroj\u00f3 la estaci\u00f3n, en los cuales se destaca temperatura, lluvias, humedad, presi\u00f3n, velocidad del viento y radiaci\u00f3n solar.<\/p>\n\n\n\n<p>Estaci\u00f3n Meteorol\u00f3gica YV5VE<\/p>\n\n\n\n<p>Ubicaci\u00f3n: Lat: 09.51.08N Lon: 66.22.48W Altitud: 350 m.s.n.m<\/p>\n\n\n\n<p>Datos del mes de Julio 2023<\/p>\n\n\n\n<ul class=\"wp-block-list\">\n<li>Temperatura promedio: 26.3 cent\u00edgrados<\/li>\n\n\n\n<li>Temperatura m\u00e1s alta: 33.1 c. (24\/07\/23 2:54 pm)<\/li>\n\n\n\n<li>Temperatura m\u00e1s baja: 21.8 c. (12\/07\/2023 5:04 am)<\/li>\n\n\n\n<li>Humedad promedio: 82.2 %<\/li>\n\n\n\n<li>Humedad m\u00e1s alta: 99% (01\/07\/2023 4:44am)<\/li>\n\n\n\n<li>Humedad m\u00e1s baja: 52% (24\/07\/2023 2:54 pm<\/li>\n\n\n\n<li>Presi\u00f3n Promedio: 1012.2 hpa<\/li>\n\n\n\n<li>Presi\u00f3n m\u00e1s alta: 1017.4hpa (18\/07\/2023 9:34 AM)<\/li>\n\n\n\n<li>Presi\u00f3n m\u00e1s baja: 1007.9 hpa (13\/07\/2023 4:12 pm)<\/li>\n\n\n\n<li>Velocidad del viento promedio: 2.1 km\/h<\/li>\n\n\n\n<li>Velocidad m\u00e1s Alta: 19.8 km\/h (18\/07\/2023 4:29 pm)<\/li>\n\n\n\n<li>R\u00e1fagas de viento promedio: 3.0 km\/h<\/li>\n\n\n\n<li>R\u00e1faga m\u00e1s alta: 27.7 km\/h (04\/07\/2023 2:49 AM)<\/li>\n\n\n\n<li>Direcci\u00f3n viento promedio: E<\/li>\n\n\n\n<li>Lluvias promedio: 291.0 mm<\/li>\n\n\n\n<li>M\u00e1xima precipitaci\u00f3n: 57.61 mm (04\/07\/2023 11:59 PM)<\/li>\n\n\n\n<li>Intensidad lluvia promedio: 0.4 mm\/h<\/li>\n\n\n\n<li>M\u00e1xima intensidad: 108.0 mm (30\/07\/2023 8:09 PM)<\/li>\n\n\n\n<li>Radiaci\u00f3n solar promedio: 171.2 w\/M2<\/li>\n\n\n\n<li>\u00cdndice UV promedio: 1.4<\/li>\n<\/ul>\n\n\n\n<p>Observaci\u00f3n: Julio fue m\u00e1s lluvioso que junio (Diferencia de 110.6 mm) y con mayor intensidad (Diferencia de 31.8 mm)<\/p>\n\n\n\n<p>@amandasaldivia   <\/p>\n\n\n\n<p><\/p>\n","protected":false},"excerpt":{"rendered":"<p>Amanda Saldivia.- La Estaci\u00f3n Meteorol\u00f3gica YV5VE, operada por William Fourneau, radioaficionado y observador del clima en la regi\u00f3n de Altagracia de Orituco, Gu\u00e1rico, present\u00f3 los datos correspondientes al mes de julio de 2023. Los registros permitieron comparar, entre otros par\u00e1metros, que hubo m\u00e1s precipitaciones en julio, que, en junio de<\/p>\n","protected":false},"author":2,"featured_media":7278,"comment_status":"open","ping_status":"open","sticky":false,"template":"","format":"standard","meta":{"advanced_seo_description":"","jetpack_seo_html_title":"","jetpack_seo_noindex":false,"_jetpack_memberships_contains_paid_content":false,"footnotes":"","jetpack_publicize_message":"","jetpack_publicize_feature_enabled":true,"jetpack_social_post_already_shared":true,"jetpack_social_options":{"image_generator_settings":{"template":"highway","enabled":false},"version":2}},"categories":[54,251],"tags":[8,7,32],"class_list":["post-7460","post","type-post","status-publish","format-standard","has-post-thumbnail","hentry","category-lluvias","category-webdealta","tag-altagraciadeorituco","tag-guarico","tag-webdealta",""],"jetpack_publicize_connections":[],"jetpack_featured_media_url":"https:\/\/webdealta.info\/wp-content\/uploads\/2023\/07\/clima-estacion-yv5ve-webdealta.png","jetpack_sharing_enabled":true,"jetpack_likes_enabled":true,"jetpack-related-posts":[],"jetpack_shortlink":"https:\/\/wp.me\/pcseDn-1Wk","_links":{"self":[{"href":"https:\/\/webdealta.info\/index.php?rest_route=\/wp\/v2\/posts\/7460","targetHints":{"allow":["GET"]}}],"collection":[{"href":"https:\/\/webdealta.info\/index.php?rest_route=\/wp\/v2\/posts"}],"about":[{"href":"https:\/\/webdealta.info\/index.php?rest_route=\/wp\/v2\/types\/post"}],"author":[{"embeddable":true,"href":"https:\/\/webdealta.info\/index.php?rest_route=\/wp\/v2\/users\/2"}],"replies":[{"embeddable":true,"href":"https:\/\/webdealta.info\/index.php?rest_route=%2Fwp%2Fv2%2Fcomments&post=7460"}],"version-history":[{"count":1,"href":"https:\/\/webdealta.info\/index.php?rest_route=\/wp\/v2\/posts\/7460\/revisions"}],"predecessor-version":[{"id":7462,"href":"https:\/\/webdealta.info\/index.php?rest_route=\/wp\/v2\/posts\/7460\/revisions\/7462"}],"wp:featuredmedia":[{"embeddable":true,"href":"https:\/\/webdealta.info\/index.php?rest_route=\/wp\/v2\/media\/7278"}],"wp:attachment":[{"href":"https:\/\/webdealta.info\/index.php?rest_route=%2Fwp%2Fv2%2Fmedia&parent=7460"}],"wp:term":[{"taxonomy":"category","embeddable":true,"href":"https:\/\/webdealta.info\/index.php?rest_route=%2Fwp%2Fv2%2Fcategories&post=7460"},{"taxonomy":"post_tag","embeddable":true,"href":"https:\/\/webdealta.info\/index.php?rest_route=%2Fwp%2Fv2%2Ftags&post=7460"}],"curies":[{"name":"wp","href":"https:\/\/api.w.org\/{rel}","templated":true}]}}