{"id":7456,"date":"2023-08-05T12:05:41","date_gmt":"2023-08-05T16:05:41","guid":{"rendered":"https:\/\/webdealta.info\/?p=7456"},"modified":"2023-08-06T16:03:27","modified_gmt":"2023-08-06T20:03:27","slug":"egreso-primera-promocion-del-liceo-filosofo-andres-bello","status":"publish","type":"post","link":"https:\/\/webdealta.info\/?p=7456","title":{"rendered":"Egres\u00f3 primera promoci\u00f3n del liceo Fil\u00f3sofo Andr\u00e9s Bello"},"content":{"rendered":"\n<p>Amanda Saldivia.-<\/p>\n\n\n\n<p>Egres\u00f3 la primera promoci\u00f3n del liceo nacional Fil\u00f3sofo Andr\u00e9s Bello, ubicado en el sector Paural de Altagracia de Orituco, evento celebrado con un impecable acto de grado como est\u00edmulo a los 46 bachilleres que alcanzaron la meta y est\u00e1n comprometidos a seguir la profesionalizaci\u00f3n en distintas \u00e1reas del conocimiento.<\/p>\n\n\n\n<p>El acto fue presidido por la Prof. Necsida Rubio, en representaci\u00f3n de la Dra. Susana Sayegh, directora del Centro de Desarrollo de la Calidad Educativa del municipio Jos\u00e9 Tadeo Monagas; acompa\u00f1ada por la Prof. Beatriz Milazzo, directora del liceo Fil\u00f3sofo Andr\u00e9s Bello; la Prof. Carmen Hern\u00e1ndez, supervisora del Circuito 4 Sim\u00f3n Rodr\u00edguez y la Prof. Neida Aguiar, primera supervisora de ese plantel; adem\u00e1s de los padrinos el profesor Jos\u00e9 Gonz\u00e1lez y el se\u00f1or Kleivis M\u00e1rquez.<\/p>\n\n\n\n<p>Durante el desarrollo del acto, tom\u00f3 la palabra el bachiller Manuel Majano, primer \u00edndice acad\u00e9mico, quien hizo un repaso por las vivencias destacadas durante los a\u00f1os de liceo, entre ellas el papel de los padres, representantes y de profesores que los acompa\u00f1aron para alcanzar la meta.<\/p>\n\n\n\n<p>Es importante destacar, que el liceo Fil\u00f3sofo Andr\u00e9s Bello fue inaugurado el 7 de febrero de 2019, con la habilitaci\u00f3n de la primera etapa de la planta f\u00edsica, raz\u00f3n por la cual el reto mayor para los directivos y la comunidad, es lograr la consolidaci\u00f3n del resto de la infraestructura.<\/p>\n\n\n\n<p>En declaraciones ofrecidas por la profesora Beatriz Milazzo, directora encargada del liceo, dijo \u00abque bajo la primera gesti\u00f3n del gobernador Jos\u00e9 V\u00e1squez, la Dra. Susana Sayegh, junto a todo su equipo del Centro de Desarrollo por la Calidad Educativa, fueron los responsables directos de la creaci\u00f3n del liceo\u00bb.<\/p>\n\n\n\n<p>@amandasaldivia  <\/p>\n\n\n\n<p><\/p>\n","protected":false},"excerpt":{"rendered":"<p>Amanda Saldivia.- Egres\u00f3 la primera promoci\u00f3n del liceo nacional Fil\u00f3sofo Andr\u00e9s Bello, ubicado en el sector Paural de Altagracia de Orituco, evento celebrado con un impecable acto de grado como est\u00edmulo a los 46 bachilleres que alcanzaron la meta y est\u00e1n comprometidos a seguir la profesionalizaci\u00f3n en distintas \u00e1reas del<\/p>\n","protected":false},"author":2,"featured_media":7457,"comment_status":"open","ping_status":"open","sticky":false,"template":"","format":"standard","meta":{"advanced_seo_description":"","jetpack_seo_html_title":"","jetpack_seo_noindex":false,"_jetpack_memberships_contains_paid_content":false,"footnotes":"","jetpack_publicize_message":"","jetpack_publicize_feature_enabled":true,"jetpack_social_post_already_shared":true,"jetpack_social_options":{"image_generator_settings":{"template":"highway","enabled":false},"version":2}},"categories":[151,251],"tags":[8,7,32],"class_list":["post-7456","post","type-post","status-publish","format-standard","has-post-thumbnail","hentry","category-educacion","category-webdealta","tag-altagraciadeorituco","tag-guarico","tag-webdealta",""],"jetpack_publicize_connections":[],"jetpack_featured_media_url":"https:\/\/webdealta.info\/wp-content\/uploads\/2023\/08\/liceo-andres-belolo-webdealta.png","jetpack_sharing_enabled":true,"jetpack_likes_enabled":true,"jetpack-related-posts":[],"jetpack_shortlink":"https:\/\/wp.me\/pcseDn-1Wg","_links":{"self":[{"href":"https:\/\/webdealta.info\/index.php?rest_route=\/wp\/v2\/posts\/7456","targetHints":{"allow":["GET"]}}],"collection":[{"href":"https:\/\/webdealta.info\/index.php?rest_route=\/wp\/v2\/posts"}],"about":[{"href":"https:\/\/webdealta.info\/index.php?rest_route=\/wp\/v2\/types\/post"}],"author":[{"embeddable":true,"href":"https:\/\/webdealta.info\/index.php?rest_route=\/wp\/v2\/users\/2"}],"replies":[{"embeddable":true,"href":"https:\/\/webdealta.info\/index.php?rest_route=%2Fwp%2Fv2%2Fcomments&post=7456"}],"version-history":[{"count":2,"href":"https:\/\/webdealta.info\/index.php?rest_route=\/wp\/v2\/posts\/7456\/revisions"}],"predecessor-version":[{"id":7464,"href":"https:\/\/webdealta.info\/index.php?rest_route=\/wp\/v2\/posts\/7456\/revisions\/7464"}],"wp:featuredmedia":[{"embeddable":true,"href":"https:\/\/webdealta.info\/index.php?rest_route=\/wp\/v2\/media\/7457"}],"wp:attachment":[{"href":"https:\/\/webdealta.info\/index.php?rest_route=%2Fwp%2Fv2%2Fmedia&parent=7456"}],"wp:term":[{"taxonomy":"category","embeddable":true,"href":"https:\/\/webdealta.info\/index.php?rest_route=%2Fwp%2Fv2%2Fcategories&post=7456"},{"taxonomy":"post_tag","embeddable":true,"href":"https:\/\/webdealta.info\/index.php?rest_route=%2Fwp%2Fv2%2Ftags&post=7456"}],"curies":[{"name":"wp","href":"https:\/\/api.w.org\/{rel}","templated":true}]}}