{"id":7452,"date":"2023-08-05T10:54:27","date_gmt":"2023-08-05T14:54:27","guid":{"rendered":"https:\/\/webdealta.info\/?p=7452"},"modified":"2023-08-05T10:54:28","modified_gmt":"2023-08-05T14:54:28","slug":"el-poder-del-conocimiento-deshielo-muestra-cuerpos-de-escaladores","status":"publish","type":"post","link":"https:\/\/webdealta.info\/?p=7452","title":{"rendered":"El Poder del Conocimiento: deshielo muestra cuerpos de escaladores"},"content":{"rendered":"\n<p>Amanda Saldivia.-<\/p>\n\n\n\n<p>El calentamiento global avanza. A inicio de julio de 2023 se registr\u00f3 la temperatura global promedio m\u00e1s alta, la cual se ubic\u00f3 en 17,18 grados cent\u00edgrados. Los cient\u00edficos la relacionan con la llegada del fen\u00f3meno clim\u00e1tico El Ni\u00f1o, el cual influye en el calentamiento del planeta.<\/p>\n\n\n\n<p>Las consecuencias comienzan a evidenciarse con las olas de calor que azotan a Europa, M\u00e9xico y Estados Unidos, adem\u00e1s de tormentas inesperadas, sequ\u00edas en otras regiones del mundo y el deshielo de los glaciares, entre ellos los ubicados en los Alpes Suizos.<\/p>\n\n\n\n<p>Precisamente en esa regi\u00f3n y producto del deshielo, qued\u00f3 al descubierto el cuerpo de un escalador alem\u00e1n que se encontraba desaparecido desde el a\u00f1o 1986. En una publicaci\u00f3n del portal BBC mundo de fecha 28 de julio de 2023, se\u00f1alan que \u201ccuando se perdi\u00f3 su pista, una operaci\u00f3n de b\u00fasqueda y rescate no logr\u00f3 hallar rastro alguno de \u00e9l\u201d, pero 37 a\u00f1os despu\u00e9s, producto del calentamiento global, su cuerpo fue visto y las pruebas de ADN practicadas determinaron que se trataba de ese alpinista extraviado.<\/p>\n\n\n\n<p>En el a\u00f1o 2022, por ejemplo, aparecieron los restos de una avioneta que se estrell\u00f3 en el 1968, mientras que en 2014 el piloto de un helic\u00f3ptero que iba a llevar suministros a un refugio de escaladores, vio algo inusual en la nieve y result\u00f3 ser el cad\u00e1ver de un escalador brit\u00e1nico desaparecido desde 1979.<\/p>\n\n\n\n<p>Asimismo, en los Alpes Suizos fueron ubicados los cad\u00e1veres de dos escaladores japoneses desaparecidos en medio de una tormenta en 1970.<\/p>\n\n\n\n<p>El tema es que los hallazgos dejan en evidencia el deshielo de los glaciares alpinos y estos son vitales para el ambiente, porque garantizan la navegaci\u00f3n en los r\u00edos y enfr\u00edan las aguas para garantizar la vida de los peces y otras especies.<\/p>\n\n\n\n<p>Concluyen que hay preocupaci\u00f3n en la comunidad cient\u00edfica por la magnitud del retroceso de hielo en los glaciares alpinos y poco se est\u00e1 haciendo para frenar las consecuencias del calentamiento global.<\/p>\n\n\n\n<p>@amandasaldivia <\/p>\n\n\n\n<p><\/p>\n","protected":false},"excerpt":{"rendered":"<p>Amanda Saldivia.- El calentamiento global avanza. A inicio de julio de 2023 se registr\u00f3 la temperatura global promedio m\u00e1s alta, la cual se ubic\u00f3 en 17,18 grados cent\u00edgrados. Los cient\u00edficos la relacionan con la llegada del fen\u00f3meno clim\u00e1tico El Ni\u00f1o, el cual influye en el calentamiento del planeta. Las consecuencias<\/p>\n","protected":false},"author":2,"featured_media":7453,"comment_status":"open","ping_status":"open","sticky":false,"template":"","format":"standard","meta":{"advanced_seo_description":"","jetpack_seo_html_title":"","jetpack_seo_noindex":false,"_jetpack_memberships_contains_paid_content":false,"footnotes":"","jetpack_publicize_message":"","jetpack_publicize_feature_enabled":true,"jetpack_social_post_already_shared":true,"jetpack_social_options":{"image_generator_settings":{"template":"highway","enabled":false},"version":2}},"categories":[302,251],"tags":[8,7,32],"class_list":["post-7452","post","type-post","status-publish","format-standard","has-post-thumbnail","hentry","category-el-poder-del-conocimiento","category-webdealta","tag-altagraciadeorituco","tag-guarico","tag-webdealta",""],"jetpack_publicize_connections":[],"jetpack_featured_media_url":"https:\/\/webdealta.info\/wp-content\/uploads\/2023\/08\/glaciar-webdealta.png","jetpack_sharing_enabled":true,"jetpack_likes_enabled":true,"jetpack-related-posts":[],"jetpack_shortlink":"https:\/\/wp.me\/pcseDn-1Wc","_links":{"self":[{"href":"https:\/\/webdealta.info\/index.php?rest_route=\/wp\/v2\/posts\/7452","targetHints":{"allow":["GET"]}}],"collection":[{"href":"https:\/\/webdealta.info\/index.php?rest_route=\/wp\/v2\/posts"}],"about":[{"href":"https:\/\/webdealta.info\/index.php?rest_route=\/wp\/v2\/types\/post"}],"author":[{"embeddable":true,"href":"https:\/\/webdealta.info\/index.php?rest_route=\/wp\/v2\/users\/2"}],"replies":[{"embeddable":true,"href":"https:\/\/webdealta.info\/index.php?rest_route=%2Fwp%2Fv2%2Fcomments&post=7452"}],"version-history":[{"count":1,"href":"https:\/\/webdealta.info\/index.php?rest_route=\/wp\/v2\/posts\/7452\/revisions"}],"predecessor-version":[{"id":7454,"href":"https:\/\/webdealta.info\/index.php?rest_route=\/wp\/v2\/posts\/7452\/revisions\/7454"}],"wp:featuredmedia":[{"embeddable":true,"href":"https:\/\/webdealta.info\/index.php?rest_route=\/wp\/v2\/media\/7453"}],"wp:attachment":[{"href":"https:\/\/webdealta.info\/index.php?rest_route=%2Fwp%2Fv2%2Fmedia&parent=7452"}],"wp:term":[{"taxonomy":"category","embeddable":true,"href":"https:\/\/webdealta.info\/index.php?rest_route=%2Fwp%2Fv2%2Fcategories&post=7452"},{"taxonomy":"post_tag","embeddable":true,"href":"https:\/\/webdealta.info\/index.php?rest_route=%2Fwp%2Fv2%2Ftags&post=7452"}],"curies":[{"name":"wp","href":"https:\/\/api.w.org\/{rel}","templated":true}]}}