{"id":7440,"date":"2023-08-01T21:37:19","date_gmt":"2023-08-02T01:37:19","guid":{"rendered":"https:\/\/webdealta.info\/?p=7440"},"modified":"2023-08-05T12:06:28","modified_gmt":"2023-08-05T16:06:28","slug":"con-caminata-inicio-semana-de-la-lactancia-materna","status":"publish","type":"post","link":"https:\/\/webdealta.info\/?p=7440","title":{"rendered":"Con caminata inici\u00f3 Semana de la Lactancia Materna"},"content":{"rendered":"\n<p>Amanda Saldivia.-<\/p>\n\n\n\n<p>Con caminata, pancartas y al ritmo de Samba se inici\u00f3, este martes 1 de agosto, la celebraci\u00f3n de la Semana Mundial de la Lactancia Materna en Altagracia de Orituco, la cual se extender\u00e1 hasta el pr\u00f3ximo lunes 7, de acuerdo a la programaci\u00f3n dada a conocer por el comit\u00e9 promotor.<\/p>\n\n\n\n<p>Para este martes 2 de agosto est\u00e1 previsto un ciclo de charlas en la sala de conferencias del hospital Dr. Jos\u00e9 Francisco Torrealba, que inician a las 8:00 am con la tem\u00e1tica de Nutrici\u00f3n en las madres lactantes, a cargo de la nutricionista Geraldyne Fern\u00e1ndez; seguida de Lactancia materna, importancia y ventajas, dictada por Perla Acosta; Composici\u00f3n de la leche materna y t\u00e9cnicas de amamantamiento por Mariamy Lucena y cierra Lisbeth Malave con Conservaci\u00f3n de la leche materna.<\/p>\n\n\n\n<p>Para el jueves 3 de agosto, igual a las 8:00 am, la ponente ser\u00e1 la Dra. Albanela Morffe, pediatra, quien disertar\u00e1 sobre los Mitos de la lactancia materna; el viernes 4 Relactaci\u00f3n por la licenciada Aidde Campos e Importancia de la lactancia materna en el crecimiento buco-maxilofacial, a cargo de la odont\u00f3logo Rosanny L\u00f3pez.<\/p>\n\n\n\n<p>Para el cierre de la Semana Mundial de la Lactancia Materna est\u00e1 prevista la entrega de canastilla en la unidad de obstetricia y a las 4:00 pm bailoterapia. La programaci\u00f3n fue compartida, con la Web de Altagracia, por miembros del comit\u00e9 de la Lactancia Materna del municipio Monagas, integrado por la Dra. Dorlys Nava, el Dr. Miguel Guti\u00e9rrez y la licenciada Rosa Rom\u00e1n, quienes hicieron \u00e9nfasis en que este a\u00f1o 2023 el lema es \u201cfacilitar la lactancia materna, marcando la diferencia para padres y madres que trabajan\u201d.<\/p>\n\n\n\n<p>@amandasaldivia<\/p>\n\n\n\n<p><\/p>\n","protected":false},"excerpt":{"rendered":"<p>Amanda Saldivia.- Con caminata, pancartas y al ritmo de Samba se inici\u00f3, este martes 1 de agosto, la celebraci\u00f3n de la Semana Mundial de la Lactancia Materna en Altagracia de Orituco, la cual se extender\u00e1 hasta el pr\u00f3ximo lunes 7, de acuerdo a la programaci\u00f3n dada a conocer por el<\/p>\n","protected":false},"author":2,"featured_media":7441,"comment_status":"open","ping_status":"open","sticky":false,"template":"","format":"standard","meta":{"advanced_seo_description":"","jetpack_seo_html_title":"","jetpack_seo_noindex":false,"_jetpack_memberships_contains_paid_content":false,"footnotes":"","jetpack_publicize_message":"","jetpack_publicize_feature_enabled":true,"jetpack_social_post_already_shared":true,"jetpack_social_options":{"image_generator_settings":{"template":"highway","enabled":false},"version":2}},"categories":[12,251],"tags":[8,7,32],"class_list":["post-7440","post","type-post","status-publish","format-standard","has-post-thumbnail","hentry","category-salud","category-webdealta","tag-altagraciadeorituco","tag-guarico","tag-webdealta",""],"jetpack_publicize_connections":[],"jetpack_featured_media_url":"https:\/\/webdealta.info\/wp-content\/uploads\/2023\/08\/lactancia-webdealta.png","jetpack_sharing_enabled":true,"jetpack_likes_enabled":true,"jetpack-related-posts":[],"jetpack_shortlink":"https:\/\/wp.me\/pcseDn-1W0","_links":{"self":[{"href":"https:\/\/webdealta.info\/index.php?rest_route=\/wp\/v2\/posts\/7440","targetHints":{"allow":["GET"]}}],"collection":[{"href":"https:\/\/webdealta.info\/index.php?rest_route=\/wp\/v2\/posts"}],"about":[{"href":"https:\/\/webdealta.info\/index.php?rest_route=\/wp\/v2\/types\/post"}],"author":[{"embeddable":true,"href":"https:\/\/webdealta.info\/index.php?rest_route=\/wp\/v2\/users\/2"}],"replies":[{"embeddable":true,"href":"https:\/\/webdealta.info\/index.php?rest_route=%2Fwp%2Fv2%2Fcomments&post=7440"}],"version-history":[{"count":2,"href":"https:\/\/webdealta.info\/index.php?rest_route=\/wp\/v2\/posts\/7440\/revisions"}],"predecessor-version":[{"id":7459,"href":"https:\/\/webdealta.info\/index.php?rest_route=\/wp\/v2\/posts\/7440\/revisions\/7459"}],"wp:featuredmedia":[{"embeddable":true,"href":"https:\/\/webdealta.info\/index.php?rest_route=\/wp\/v2\/media\/7441"}],"wp:attachment":[{"href":"https:\/\/webdealta.info\/index.php?rest_route=%2Fwp%2Fv2%2Fmedia&parent=7440"}],"wp:term":[{"taxonomy":"category","embeddable":true,"href":"https:\/\/webdealta.info\/index.php?rest_route=%2Fwp%2Fv2%2Fcategories&post=7440"},{"taxonomy":"post_tag","embeddable":true,"href":"https:\/\/webdealta.info\/index.php?rest_route=%2Fwp%2Fv2%2Ftags&post=7440"}],"curies":[{"name":"wp","href":"https:\/\/api.w.org\/{rel}","templated":true}]}}