{"id":7436,"date":"2023-08-01T21:06:09","date_gmt":"2023-08-02T01:06:09","guid":{"rendered":"https:\/\/webdealta.info\/?p=7436"},"modified":"2023-08-01T21:06:10","modified_gmt":"2023-08-02T01:06:10","slug":"ferias-del-orituco-abierto-el-casting-para-escogencia-de-candidatas","status":"publish","type":"post","link":"https:\/\/webdealta.info\/?p=7436","title":{"rendered":"Ferias del Orituco: abierto el casting para escogencia de candidatas"},"content":{"rendered":"\n<p>Amanda Saldivia.-<\/p>\n\n\n\n<p>Maryuri Suarez, miss Anzo\u00e1tegui 2006, est\u00e1 al frente de la coordinaci\u00f3n de Reinas de la Ferias del Orituco 2023, que se celebran en Altagracia a finales del mes de septiembre, en honor a San Miguel Arc\u00e1ngel, Santo Patrono del municipio Jos\u00e9 Tadeo Monagas.<\/p>\n\n\n\n<p>El casting para seleccionar a las 10 participantes est\u00e1 abierto y se mantendr\u00e1 hasta el 12 de agosto, para posteriormente celebrar un acto de presentaci\u00f3n de todas las lindas orituque\u00f1as que aspiran al reinado.<\/p>\n\n\n\n<p>Esos detalles fueron dados a conocer por Maryuri Su\u00e1rez, en un contacto telef\u00f3nico con el programa Tiempo de Cambios que se transmite por la emisora Activa 104.9 FM, donde la ex miss precis\u00f3 que la presentaci\u00f3n de las aspirantes ser\u00e1 el 19 de agosto.<\/p>\n\n\n\n<p>En cuanto a los requerimientos de la organizaci\u00f3n, dijo que la estatura m\u00ednima es de 1.70, mayores de 18 a\u00f1os o pr\u00f3ximas a cumplirlos, para con ello perfilar a las candidatas a formarse en el \u00e1rea de modelaje, as\u00ed como tambi\u00e9n que se ajusten a las exigencias de otros concursos, entre ellos el Miss Venezuela.<\/p>\n\n\n\n<p>Durante el desarrollo del programa, Maryuri Su\u00e1rez indic\u00f3 que ser\u00e1n 10 las candidatas seleccionadas para garantizar que tengan el acceso al certamen sin compromisos econ\u00f3micos que limiten la participaci\u00f3n o la igualdad de condiciones.<\/p>\n\n\n\n<p>Sobre la preparaci\u00f3n, dijo que contar\u00e1n por el influencer Miguel Ortiz, conocido en las redes sociales como @lagracitana, quien ser\u00e1 el encargado de las clases de pasarela; mientras los trajes de gala ser\u00e1n de reconocidos dise\u00f1adores.<\/p>\n\n\n\n<p>Como se mencion\u00f3 al comienzo de esta nota, el casting sigue abierto y las aspirantes deben dirigirse al sal\u00f3n de belleza Paris Style, ubicado en la calle Santiago Gil de Altagracia de Orituco, donde est\u00e1 el personal para recibirlas y tomar las respectivas medidas.<\/p>\n\n\n\n<p>@amandasaldivia  <\/p>\n\n\n\n<p><\/p>\n\n\n\n<p><\/p>\n","protected":false},"excerpt":{"rendered":"<p>Amanda Saldivia.- Maryuri Suarez, miss Anzo\u00e1tegui 2006, est\u00e1 al frente de la coordinaci\u00f3n de Reinas de la Ferias del Orituco 2023, que se celebran en Altagracia a finales del mes de septiembre, en honor a San Miguel Arc\u00e1ngel, Santo Patrono del municipio Jos\u00e9 Tadeo Monagas. El casting para seleccionar a<\/p>\n","protected":false},"author":2,"featured_media":7437,"comment_status":"open","ping_status":"open","sticky":false,"template":"","format":"standard","meta":{"advanced_seo_description":"","jetpack_seo_html_title":"","jetpack_seo_noindex":false,"_jetpack_memberships_contains_paid_content":false,"footnotes":"","jetpack_publicize_message":"","jetpack_publicize_feature_enabled":true,"jetpack_social_post_already_shared":true,"jetpack_social_options":{"image_generator_settings":{"template":"highway","enabled":false},"version":2}},"categories":[320,251],"tags":[8,7,32],"class_list":["post-7436","post","type-post","status-publish","format-standard","has-post-thumbnail","hentry","category-belleza","category-webdealta","tag-altagraciadeorituco","tag-guarico","tag-webdealta",""],"jetpack_publicize_connections":[],"jetpack_featured_media_url":"https:\/\/webdealta.info\/wp-content\/uploads\/2023\/08\/reinas-ferias-maryuri-suarez-webdealta.png","jetpack_sharing_enabled":true,"jetpack_likes_enabled":true,"jetpack-related-posts":[],"jetpack_shortlink":"https:\/\/wp.me\/pcseDn-1VW","_links":{"self":[{"href":"https:\/\/webdealta.info\/index.php?rest_route=\/wp\/v2\/posts\/7436","targetHints":{"allow":["GET"]}}],"collection":[{"href":"https:\/\/webdealta.info\/index.php?rest_route=\/wp\/v2\/posts"}],"about":[{"href":"https:\/\/webdealta.info\/index.php?rest_route=\/wp\/v2\/types\/post"}],"author":[{"embeddable":true,"href":"https:\/\/webdealta.info\/index.php?rest_route=\/wp\/v2\/users\/2"}],"replies":[{"embeddable":true,"href":"https:\/\/webdealta.info\/index.php?rest_route=%2Fwp%2Fv2%2Fcomments&post=7436"}],"version-history":[{"count":1,"href":"https:\/\/webdealta.info\/index.php?rest_route=\/wp\/v2\/posts\/7436\/revisions"}],"predecessor-version":[{"id":7438,"href":"https:\/\/webdealta.info\/index.php?rest_route=\/wp\/v2\/posts\/7436\/revisions\/7438"}],"wp:featuredmedia":[{"embeddable":true,"href":"https:\/\/webdealta.info\/index.php?rest_route=\/wp\/v2\/media\/7437"}],"wp:attachment":[{"href":"https:\/\/webdealta.info\/index.php?rest_route=%2Fwp%2Fv2%2Fmedia&parent=7436"}],"wp:term":[{"taxonomy":"category","embeddable":true,"href":"https:\/\/webdealta.info\/index.php?rest_route=%2Fwp%2Fv2%2Fcategories&post=7436"},{"taxonomy":"post_tag","embeddable":true,"href":"https:\/\/webdealta.info\/index.php?rest_route=%2Fwp%2Fv2%2Ftags&post=7436"}],"curies":[{"name":"wp","href":"https:\/\/api.w.org\/{rel}","templated":true}]}}