{"id":7427,"date":"2023-07-31T21:12:56","date_gmt":"2023-08-01T01:12:56","guid":{"rendered":"https:\/\/webdealta.info\/?p=7427"},"modified":"2023-07-31T21:12:58","modified_gmt":"2023-08-01T01:12:58","slug":"habra-plan-vacacional-en-los-15-municipios-de-guarico","status":"publish","type":"post","link":"https:\/\/webdealta.info\/?p=7427","title":{"rendered":"Habr\u00e1 Plan Vacacional en los 15 municipios de Gu\u00e1rico"},"content":{"rendered":"\n<p>Durante la emisi\u00f3n 204 del programa En Directo con el Gobernador, desarrollado en el Palacio de Gobierno, el mandatario guarique\u00f1o Jos\u00e9 V\u00e1squez, dio a conocer las actividades a ejecutar en el mes de agosto para impulsar el Plan Vacacional Comunitario Gu\u00e1rico Te Recrea y Agosto de Escuelas Abiertas 2023.<\/p>\n\n\n\n<p>Asimismo, el gobernador Jos\u00e9 V\u00e1squez ratific\u00f3 que, en gesti\u00f3n articulada con la Fundaci\u00f3n El Ni\u00f1o Sim\u00f3n Gu\u00e1rico, se tiene estipulado planificar y programar las comunidades donde se realizar\u00e1n las actividades recreativas, \u201cpido a todas las direcciones, a los institutos, y a todas las secretar\u00edas apoyar al Instituto de la Juventud y Deporte, en el inicio de este Plan vacacional\u2026 en los pr\u00f3ximos d\u00edas, vamos a hacer el lanzamiento para los 15 municipios\u201d, declar\u00f3.<\/p>\n\n\n\n<p>En este sentido, principalmente se tiene como prioridad proyectar aspectos entretenidos, culturales, deportivos, ecol\u00f3gicos, rutas tur\u00edsticas, y el de Escuelas Abiertas, afianzando el desarrollo intelectual y de habilidades a trav\u00e9s de jornadas que incentiven el compartir y el sano disfrute de los ni\u00f1os y j\u00f3venes de la entidad llanera, las cuales cumplir\u00e1n con las buenas nuevas de las pol\u00edticas del gobernador Jos\u00e9 V\u00e1squez y el presidente Nicol\u00e1s Maduro.<\/p>\n\n\n\n<p>Por otra parte, tambi\u00e9n el Plan Agosto de Escuelas Abiertas 2023 incentivar\u00e1 la participaci\u00f3n de la comunidad educativa, la permanencia en los planteles tanto escolares como de la comunidad en general con diferentes actividades, donde se replicar\u00e1 al resto de los municipios guarique\u00f1os, con la incorporaci\u00f3n de las alcald\u00edas bolivarianas, comisionar\u00edas e institutos municipales.  <\/p>\n\n\n\n<p>Sibci Gu\u00e1rico<\/p>\n\n\n\n<p><\/p>\n","protected":false},"excerpt":{"rendered":"<p>Durante la emisi\u00f3n 204 del programa En Directo con el Gobernador, desarrollado en el Palacio de Gobierno, el mandatario guarique\u00f1o Jos\u00e9 V\u00e1squez, dio a conocer las actividades a ejecutar en el mes de agosto para impulsar el Plan Vacacional Comunitario Gu\u00e1rico Te Recrea y Agosto de Escuelas Abiertas 2023. Asimismo,<\/p>\n","protected":false},"author":2,"featured_media":7428,"comment_status":"open","ping_status":"open","sticky":false,"template":"","format":"standard","meta":{"advanced_seo_description":"","jetpack_seo_html_title":"","jetpack_seo_noindex":false,"_jetpack_memberships_contains_paid_content":false,"footnotes":"","jetpack_publicize_message":"","jetpack_publicize_feature_enabled":true,"jetpack_social_post_already_shared":true,"jetpack_social_options":{"image_generator_settings":{"template":"highway","enabled":false},"version":2}},"categories":[284,251],"tags":[8,7,32],"class_list":["post-7427","post","type-post","status-publish","format-standard","has-post-thumbnail","hentry","category-gobierno-de-guarico","category-webdealta","tag-altagraciadeorituco","tag-guarico","tag-webdealta",""],"jetpack_publicize_connections":[],"jetpack_featured_media_url":"https:\/\/webdealta.info\/wp-content\/uploads\/2023\/07\/vacaxciones-webdealta.png","jetpack_sharing_enabled":true,"jetpack_likes_enabled":true,"jetpack-related-posts":[],"jetpack_shortlink":"https:\/\/wp.me\/pcseDn-1VN","_links":{"self":[{"href":"https:\/\/webdealta.info\/index.php?rest_route=\/wp\/v2\/posts\/7427","targetHints":{"allow":["GET"]}}],"collection":[{"href":"https:\/\/webdealta.info\/index.php?rest_route=\/wp\/v2\/posts"}],"about":[{"href":"https:\/\/webdealta.info\/index.php?rest_route=\/wp\/v2\/types\/post"}],"author":[{"embeddable":true,"href":"https:\/\/webdealta.info\/index.php?rest_route=\/wp\/v2\/users\/2"}],"replies":[{"embeddable":true,"href":"https:\/\/webdealta.info\/index.php?rest_route=%2Fwp%2Fv2%2Fcomments&post=7427"}],"version-history":[{"count":1,"href":"https:\/\/webdealta.info\/index.php?rest_route=\/wp\/v2\/posts\/7427\/revisions"}],"predecessor-version":[{"id":7429,"href":"https:\/\/webdealta.info\/index.php?rest_route=\/wp\/v2\/posts\/7427\/revisions\/7429"}],"wp:featuredmedia":[{"embeddable":true,"href":"https:\/\/webdealta.info\/index.php?rest_route=\/wp\/v2\/media\/7428"}],"wp:attachment":[{"href":"https:\/\/webdealta.info\/index.php?rest_route=%2Fwp%2Fv2%2Fmedia&parent=7427"}],"wp:term":[{"taxonomy":"category","embeddable":true,"href":"https:\/\/webdealta.info\/index.php?rest_route=%2Fwp%2Fv2%2Fcategories&post=7427"},{"taxonomy":"post_tag","embeddable":true,"href":"https:\/\/webdealta.info\/index.php?rest_route=%2Fwp%2Fv2%2Ftags&post=7427"}],"curies":[{"name":"wp","href":"https:\/\/api.w.org\/{rel}","templated":true}]}}