{"id":7411,"date":"2023-07-27T20:58:29","date_gmt":"2023-07-28T00:58:29","guid":{"rendered":"https:\/\/webdealta.info\/?p=7411"},"modified":"2023-07-27T20:58:30","modified_gmt":"2023-07-28T00:58:30","slug":"cnp-seccional-guarico-actualizo-junta-directiva","status":"publish","type":"post","link":"https:\/\/webdealta.info\/?p=7411","title":{"rendered":"CNP Seccional Gu\u00e1rico actualiz\u00f3 Junta Directiva"},"content":{"rendered":"\n<p>Prensa CNP Gu\u00e1rico.-<\/p>\n\n\n\n<p>A fin de realzar el valor del gremio, desde la sede del Colegio Nacional de Periodistas (CNP) Seccional Gu\u00e1rico, ubicado en San Juan de los Morros, diversos comunicadores sociales que hacen vida en la entidad llanera se dieron cita para actualizar su Junta Directiva.<\/p>\n\n\n\n<p>Fue as\u00ed, que por medio de una Asamblea General Extraordinaria los agremiados del CNP expresaron su voto para elegir los nuevos encargados de velar por los derechos de cada profesional de la comunicaci\u00f3n, que ejerce su profesi\u00f3n dentro del estado Gu\u00e1rico, as\u00ed como tambi\u00e9n garantizar el cumplimiento de la Ley del Ejercicio y C\u00f3digo de \u00c9tica del Periodista.<\/p>\n\n\n\n<p>En este sentido, el punto a tratar de esta reuni\u00f3n gremial consisti\u00f3 en cubrir los cargos vacantes en la actual Junta Directiva, seg\u00fan lo establecido en el Reglamento Electoral de este colegio. El prop\u00f3sito de esta actividad fue la de reactivar el Colegio para que todos los agremiados, y los pr\u00f3ximos comunicadores sociales puedan tener un lugar de encuentro donde puedan intercambiar conocimientos y experiencias.<\/p>\n\n\n\n<p>De esta manera, Gregorio Salazar, presidente de la Comisi\u00f3n Electoral Nacional, reiter\u00f3 que \u201cesto signific\u00f3 un recomienzo de la actividad gremial de esta regi\u00f3n, que tanto lo necesitan los comunicadores sociales y la colectividad en general, los cuales requieren un gremio unido, activado, uno que defienda la libertad de expresi\u00f3n y el derecho a la informaci\u00f3n de cada venezolano\u201d.<\/p>\n\n\n\n<p>A su vez, V\u00edctor Hugo Donaire, nuevo secretario general del CNP Gu\u00e1rico, coment\u00f3 que esta \u201cfue una importante asamblea para la entidad llanera y para el pa\u00eds, esta es una seccional m\u00e1s que se une para que por fin el CNE nos conceda el permiso para ejecutar un proceso electoral que se avecina a nivel nacional\u201d, dijo.<\/p>\n\n\n\n<p>Asimismo, Pavel Rojas Bustamante, nuevo secretario de Finanzas del CNP Gu\u00e1rico, expres\u00f3 \u201choy ratifico delante de mis compa\u00f1eros, compa\u00f1eras y colegas, que vamos hacer un puente intergeneracional para entregarles a la nueva generaci\u00f3n un colegio depurado a los j\u00f3venes que se integran al ejercicio de nuestra profesi\u00f3n, y que ya hacen presencia en la nueva Junta Directiva\u201d, concluy\u00f3.<\/p>\n\n\n\n<p>Tambi\u00e9n, la secretaria de organizaci\u00f3n del CNP Gu\u00e1rico, Grevimar Carpavire, expuso que \u201choy realizamos una asamblea extraordinaria para escoger los cargos vacantes y darle continuidad al trabajo que se debe hacer, que ser\u00eda un renacimiento para el CNP Seccional Gu\u00e1rico, y los invito a sumarse a trabajar para alcanzar el \u00e9xito del gremio\u201d. Cabe mencionar que el CNP es una organizaci\u00f3n al servicio de la poblaci\u00f3n, la cual garantiza una buena comunicaci\u00f3n para que los derechos del pueblo venezolano se puedan cumplir.<\/p>\n\n\n\n<p>Quedaron electos:<\/p>\n\n\n\n<p>&#8211; Secretar\u00eda General: V\u00edctor Hugo Donaire<\/p>\n\n\n\n<p>&#8211; Adjunto: Militza Mu\u00f1oz<\/p>\n\n\n\n<p>&#8211; Secretar\u00eda de Finanzas: Pavel Rojas<\/p>\n\n\n\n<p>&#8211; Adjunto: Ana Bengochea<\/p>\n\n\n\n<p>&#8211; Adjunto a la Secretar\u00eda de Organizaci\u00f3n: Ram\u00f3n Figueira<\/p>\n\n\n\n<p>&#8211; Adjunto a la Secretar\u00eda de Deportes: Adri\u00e1n Gonz\u00e1lez<\/p>\n\n\n\n<p>&#8211; Adjunto a la Secretar\u00eda Mejoramiento: Mar\u00eda Santiago<\/p>\n\n\n\n<p>Tribunal disciplinario<\/p>\n\n\n\n<p>\u00a0&#8211; Adjunto Primer Miembro: <\/p>\n\n\n\n<p>Francis Ter\u00e1n &#8211; Principal<\/p>\n\n\n\n<p>Segundo Miembro: Zabdiel Rond\u00f3n<\/p>\n\n\n\n<p>&#8211; Adjunto Segundo Miembro: Rafael L\u00f3pez<\/p>\n\n\n\n<p>Zabdiel Rond\u00f3n CNP: 26.584 <a href=\"https:\/\/t.me\/zabdielrocca\">@zabdielrocca<\/a><\/p>\n\n\n\n<p>Fotos: Amilcar Solano  <\/p>\n\n\n\n<p><\/p>\n","protected":false},"excerpt":{"rendered":"<p>Prensa CNP Gu\u00e1rico.- A fin de realzar el valor del gremio, desde la sede del Colegio Nacional de Periodistas (CNP) Seccional Gu\u00e1rico, ubicado en San Juan de los Morros, diversos comunicadores sociales que hacen vida en la entidad llanera se dieron cita para actualizar su Junta Directiva. Fue as\u00ed, que<\/p>\n","protected":false},"author":2,"featured_media":7412,"comment_status":"open","ping_status":"open","sticky":false,"template":"","format":"standard","meta":{"advanced_seo_description":"","jetpack_seo_html_title":"","jetpack_seo_noindex":false,"_jetpack_memberships_contains_paid_content":false,"footnotes":"","jetpack_publicize_message":"","jetpack_publicize_feature_enabled":true,"jetpack_social_post_already_shared":true,"jetpack_social_options":{"image_generator_settings":{"template":"highway","enabled":false},"version":2}},"categories":[66,251],"tags":[8,7,32],"class_list":["post-7411","post","type-post","status-publish","format-standard","has-post-thumbnail","hentry","category-regionales","category-webdealta","tag-altagraciadeorituco","tag-guarico","tag-webdealta",""],"jetpack_publicize_connections":[],"jetpack_featured_media_url":"https:\/\/webdealta.info\/wp-content\/uploads\/2023\/07\/prensa-cnp-webdealta.png","jetpack_sharing_enabled":true,"jetpack_likes_enabled":true,"jetpack-related-posts":[],"jetpack_shortlink":"https:\/\/wp.me\/pcseDn-1Vx","_links":{"self":[{"href":"https:\/\/webdealta.info\/index.php?rest_route=\/wp\/v2\/posts\/7411","targetHints":{"allow":["GET"]}}],"collection":[{"href":"https:\/\/webdealta.info\/index.php?rest_route=\/wp\/v2\/posts"}],"about":[{"href":"https:\/\/webdealta.info\/index.php?rest_route=\/wp\/v2\/types\/post"}],"author":[{"embeddable":true,"href":"https:\/\/webdealta.info\/index.php?rest_route=\/wp\/v2\/users\/2"}],"replies":[{"embeddable":true,"href":"https:\/\/webdealta.info\/index.php?rest_route=%2Fwp%2Fv2%2Fcomments&post=7411"}],"version-history":[{"count":1,"href":"https:\/\/webdealta.info\/index.php?rest_route=\/wp\/v2\/posts\/7411\/revisions"}],"predecessor-version":[{"id":7413,"href":"https:\/\/webdealta.info\/index.php?rest_route=\/wp\/v2\/posts\/7411\/revisions\/7413"}],"wp:featuredmedia":[{"embeddable":true,"href":"https:\/\/webdealta.info\/index.php?rest_route=\/wp\/v2\/media\/7412"}],"wp:attachment":[{"href":"https:\/\/webdealta.info\/index.php?rest_route=%2Fwp%2Fv2%2Fmedia&parent=7411"}],"wp:term":[{"taxonomy":"category","embeddable":true,"href":"https:\/\/webdealta.info\/index.php?rest_route=%2Fwp%2Fv2%2Fcategories&post=7411"},{"taxonomy":"post_tag","embeddable":true,"href":"https:\/\/webdealta.info\/index.php?rest_route=%2Fwp%2Fv2%2Ftags&post=7411"}],"curies":[{"name":"wp","href":"https:\/\/api.w.org\/{rel}","templated":true}]}}