{"id":7408,"date":"2023-07-27T20:28:26","date_gmt":"2023-07-28T00:28:26","guid":{"rendered":"https:\/\/webdealta.info\/?p=7408"},"modified":"2023-07-27T20:28:35","modified_gmt":"2023-07-28T00:28:35","slug":"gobierno-despejo-via-hacia-macaira","status":"publish","type":"post","link":"https:\/\/webdealta.info\/?p=7408","title":{"rendered":"Gobierno despej\u00f3 v\u00eda hacia Macaira"},"content":{"rendered":"\n<p>Amanda Saldivia.-<\/p>\n\n\n\n<p>Una nota emanada de la direcci\u00f3n de Prensa de la alcald\u00eda del municipio Monagas, precis\u00f3 que las tres instancias de gobierno atendieron la obstrucci\u00f3n de la v\u00eda que conduce a la San Francisco de Macaira, en la cual se present\u00f3 un deslizamiento de tierra como consecuencia de las fuertes precipitaciones registradas en la noche del pasado martes 25 de julio.<\/p>\n\n\n\n<p>En la informaci\u00f3n enviada a la Web de Altagracia indicaron que para llevar adelante los trabajos fue utilizada maquinaria pesada perteneciente a Gran Misi\u00f3n Barrio Nuevo Barrio Tricolor, lo que permiti\u00f3 \u201crestablecer el normal flujo vehicular hacia la zona del Morro y Macaira, cumpliendo con los lineamientos emanados por el presidente Nicol\u00e1s Maduro, el gobernador Jos\u00e9 V\u00e1squez y del alcalde Pedro Sol\u00f3rzano\u201d.<\/p>\n\n\n\n<p>Asimismo, la nota de prensa recogi\u00f3 el testimonio de habitantes de la zona, entre ellos Orianny Magallanes, residente de la Loma de Macaira, quien expres\u00f3 que est\u00e1n agradecidos por \u201cla prontitud con la que el gobierno revolucionario, a trav\u00e9s del gobernador Jos\u00e9 V\u00e1squez, Ra\u00fal Paredes, ministro del Poder Popular de Obras y el alcalde Pedro Sol\u00f3rzano, hoy se ha atendido de manera exitosa esta situaci\u00f3n que nos manten\u00eda preocupados\u201d.<\/p>\n\n\n\n<p>Por su parte, la comisionada territorial, Mariela Acosta, dijo que est\u00e1n \u201calertas durante esta temporada de invierno para informar y atender cualquier eventualidad natural que pueda afectar a los habitantes de la parroquia, contamos de manera fundamental, con el apoyo de nuestro alcalde Pedro Sol\u00f3rzano, quien hoy estuvo aqu\u00ed brind\u00e1ndonos soluciones\u201d.<\/p>\n\n\n\n<p>Foto cortes\u00eda de prensa alcald\u00eda <\/p>\n\n\n\n<p><\/p>\n","protected":false},"excerpt":{"rendered":"<p>Amanda Saldivia.- Una nota emanada de la direcci\u00f3n de Prensa de la alcald\u00eda del municipio Monagas, precis\u00f3 que las tres instancias de gobierno atendieron la obstrucci\u00f3n de la v\u00eda que conduce a la San Francisco de Macaira, en la cual se present\u00f3 un deslizamiento de tierra como consecuencia de las<\/p>\n","protected":false},"author":2,"featured_media":7409,"comment_status":"open","ping_status":"open","sticky":false,"template":"","format":"standard","meta":{"advanced_seo_description":"","jetpack_seo_html_title":"","jetpack_seo_noindex":false,"_jetpack_memberships_contains_paid_content":false,"footnotes":"","jetpack_publicize_message":"","jetpack_publicize_feature_enabled":true,"jetpack_social_post_already_shared":true,"jetpack_social_options":{"image_generator_settings":{"template":"highway","enabled":false},"version":2}},"categories":[54,251],"tags":[8,7,32],"class_list":["post-7408","post","type-post","status-publish","format-standard","has-post-thumbnail","hentry","category-lluvias","category-webdealta","tag-altagraciadeorituco","tag-guarico","tag-webdealta",""],"jetpack_publicize_connections":[],"jetpack_featured_media_url":"https:\/\/webdealta.info\/wp-content\/uploads\/2023\/07\/macaira-via-webdealta.png","jetpack_sharing_enabled":true,"jetpack_likes_enabled":true,"jetpack-related-posts":[],"jetpack_shortlink":"https:\/\/wp.me\/pcseDn-1Vu","_links":{"self":[{"href":"https:\/\/webdealta.info\/index.php?rest_route=\/wp\/v2\/posts\/7408","targetHints":{"allow":["GET"]}}],"collection":[{"href":"https:\/\/webdealta.info\/index.php?rest_route=\/wp\/v2\/posts"}],"about":[{"href":"https:\/\/webdealta.info\/index.php?rest_route=\/wp\/v2\/types\/post"}],"author":[{"embeddable":true,"href":"https:\/\/webdealta.info\/index.php?rest_route=\/wp\/v2\/users\/2"}],"replies":[{"embeddable":true,"href":"https:\/\/webdealta.info\/index.php?rest_route=%2Fwp%2Fv2%2Fcomments&post=7408"}],"version-history":[{"count":1,"href":"https:\/\/webdealta.info\/index.php?rest_route=\/wp\/v2\/posts\/7408\/revisions"}],"predecessor-version":[{"id":7410,"href":"https:\/\/webdealta.info\/index.php?rest_route=\/wp\/v2\/posts\/7408\/revisions\/7410"}],"wp:featuredmedia":[{"embeddable":true,"href":"https:\/\/webdealta.info\/index.php?rest_route=\/wp\/v2\/media\/7409"}],"wp:attachment":[{"href":"https:\/\/webdealta.info\/index.php?rest_route=%2Fwp%2Fv2%2Fmedia&parent=7408"}],"wp:term":[{"taxonomy":"category","embeddable":true,"href":"https:\/\/webdealta.info\/index.php?rest_route=%2Fwp%2Fv2%2Fcategories&post=7408"},{"taxonomy":"post_tag","embeddable":true,"href":"https:\/\/webdealta.info\/index.php?rest_route=%2Fwp%2Fv2%2Ftags&post=7408"}],"curies":[{"name":"wp","href":"https:\/\/api.w.org\/{rel}","templated":true}]}}