{"id":7400,"date":"2023-07-25T22:28:37","date_gmt":"2023-07-26T02:28:37","guid":{"rendered":"https:\/\/webdealta.info\/?p=7400"},"modified":"2023-07-25T22:28:38","modified_gmt":"2023-07-26T02:28:38","slug":"venezuela-invitada-a-la-agroexpo-2023-en-colombia","status":"publish","type":"post","link":"https:\/\/webdealta.info\/?p=7400","title":{"rendered":"Venezuela invitada a la AgroExpo 2023 en Colombia"},"content":{"rendered":"\n<p>Sibci Gu\u00e1rico.-<\/p>\n\n\n\n<p>Recientemente se realiz\u00f3 la AgroExpo 2023, organizada por la Uni\u00f3n Nacional de Asociaciones Ganaderas de Colombia (Unaga), donde Venezuela dijo presente en nombre del presidente Nicol\u00e1s Maduro, con su regi\u00f3n llanera representada por el estado Gu\u00e1rico, a trav\u00e9s del gobernador Jos\u00e9 V\u00e1squez, quien particip\u00f3 como invitado especial, con el objetivo de iniciar alianzas estrat\u00e9gicas en materia productiva.<\/p>\n\n\n\n<p>A prop\u00f3sito de esto, el mandatario regional indic\u00f3 que Gu\u00e1rico fue invitado por ser un importante estado agro productor, y con el objetivo de \u201cmejorar la gen\u00e9tica bovina, adem\u00e1s de mostrar la semilla de arroz certificada que nos ha llevado a ser la regi\u00f3n m\u00e1s productiva del pa\u00eds\u201d, y agreg\u00f3 que tambi\u00e9n fueron para conversar sobre algunas experiencias dentro del \u00e1mbito del desarrollo productivo (tanto en la agro producci\u00f3n y la ganader\u00eda).<\/p>\n\n\n\n<p>Asimismo, agradeci\u00f3 a la Unagapor la invitaci\u00f3n, a la que asistieron con la autorizaci\u00f3n del presidente Nicol\u00e1s Maduro&nbsp; y del ministro de Agricultura y Tierras, Wilman Castro Soteldo; y tambi\u00e9n extendi\u00f3 la invitaci\u00f3n a los colombianos a la ExpoGu\u00e1rico 2023.<\/p>\n\n\n\n<p>De la misma manera, el gobernador de Gu\u00e1rico, resalt\u00f3 \u201cla incorporaci\u00f3n de biotecnolog\u00eda para mejorar el rendimiento de cultivos y reba\u00f1o\u201d, destacando la importancia de los intercambios en materia de tecnolog\u00eda e innovaci\u00f3n.<\/p>\n\n\n\n<p>\u201cEstamos decididos a cultivar el futuro de nuestro estado y apoyar cada d\u00eda m\u00e1s a los productores para que trabajando en equipo hagamos de Gu\u00e1rico una potencia agroproductiva e industrial nacional e internacional\u201d afirm\u00f3 el l\u00edder regional.<\/p>\n\n\n\n<p>Por su parte, Daniel Espinoza, presidente de Unaga destac\u00f3 que \u201ces una de las ferias ganaderas m\u00e1s importantes en Am\u00e9rica Latina, que se realiza cada 2 a\u00f1os, con m\u00e1s de 500 expositores, s\u00f3lo en ganado, adem\u00e1s de equinos, ovino-caprinos, b\u00fafalos, y toros de Lidia, adem\u00e1s contamos con 27 asociaciones nacionales y tambi\u00e9nmaquinaria pesada, equipos de orde\u00f1o, b\u00e1scula, semillas, entre otras\u201d.<\/p>\n\n\n\n<p>Es importante resaltar el mensaje principalde la Agroexpo 2023 \u201cCultivamos el futuro agroalimentario de Colombia\u201d, destacando la participaci\u00f3n de 200 mil visitantes, con 637 citas logradas con compradores provenientes de Rep\u00fablica Dominicana, Ecuador, Canad\u00e1, Turqu\u00eda, Curazao, Honduras, Alemania, M\u00e9xico y Costa Rica, durante 11 d\u00edas de feria.<\/p>\n\n\n\n<p>De esta forma, y con la realizaci\u00f3n de Agroexpose avanza en el objetivo de \u201cHambre Cero\u201d, \u00a0a fin de adecuar una cadena que permita la soberan\u00eda alimentaria, reduciendo as\u00ed los \u00edndices de pobreza extrema y la desnutrici\u00f3n infantil.  <\/p>\n\n\n\n<p>Foto cortes\u00eda<\/p>\n\n\n\n<p><\/p>\n","protected":false},"excerpt":{"rendered":"<p>Sibci Gu\u00e1rico.- Recientemente se realiz\u00f3 la AgroExpo 2023, organizada por la Uni\u00f3n Nacional de Asociaciones Ganaderas de Colombia (Unaga), donde Venezuela dijo presente en nombre del presidente Nicol\u00e1s Maduro, con su regi\u00f3n llanera representada por el estado Gu\u00e1rico, a trav\u00e9s del gobernador Jos\u00e9 V\u00e1squez, quien particip\u00f3 como invitado especial, con<\/p>\n","protected":false},"author":2,"featured_media":7401,"comment_status":"open","ping_status":"open","sticky":false,"template":"","format":"standard","meta":{"advanced_seo_description":"","jetpack_seo_html_title":"","jetpack_seo_noindex":false,"_jetpack_memberships_contains_paid_content":false,"footnotes":"","jetpack_publicize_message":"","jetpack_publicize_feature_enabled":true,"jetpack_social_post_already_shared":true,"jetpack_social_options":{"image_generator_settings":{"template":"highway","enabled":false},"version":2}},"categories":[284,251],"tags":[8,7,32],"class_list":["post-7400","post","type-post","status-publish","format-standard","has-post-thumbnail","hentry","category-gobierno-de-guarico","category-webdealta","tag-altagraciadeorituco","tag-guarico","tag-webdealta",""],"jetpack_publicize_connections":[],"jetpack_featured_media_url":"https:\/\/webdealta.info\/wp-content\/uploads\/2023\/07\/gobernador-en-colombia.png","jetpack_sharing_enabled":true,"jetpack_likes_enabled":true,"jetpack-related-posts":[],"jetpack_shortlink":"https:\/\/wp.me\/pcseDn-1Vm","_links":{"self":[{"href":"https:\/\/webdealta.info\/index.php?rest_route=\/wp\/v2\/posts\/7400","targetHints":{"allow":["GET"]}}],"collection":[{"href":"https:\/\/webdealta.info\/index.php?rest_route=\/wp\/v2\/posts"}],"about":[{"href":"https:\/\/webdealta.info\/index.php?rest_route=\/wp\/v2\/types\/post"}],"author":[{"embeddable":true,"href":"https:\/\/webdealta.info\/index.php?rest_route=\/wp\/v2\/users\/2"}],"replies":[{"embeddable":true,"href":"https:\/\/webdealta.info\/index.php?rest_route=%2Fwp%2Fv2%2Fcomments&post=7400"}],"version-history":[{"count":1,"href":"https:\/\/webdealta.info\/index.php?rest_route=\/wp\/v2\/posts\/7400\/revisions"}],"predecessor-version":[{"id":7402,"href":"https:\/\/webdealta.info\/index.php?rest_route=\/wp\/v2\/posts\/7400\/revisions\/7402"}],"wp:featuredmedia":[{"embeddable":true,"href":"https:\/\/webdealta.info\/index.php?rest_route=\/wp\/v2\/media\/7401"}],"wp:attachment":[{"href":"https:\/\/webdealta.info\/index.php?rest_route=%2Fwp%2Fv2%2Fmedia&parent=7400"}],"wp:term":[{"taxonomy":"category","embeddable":true,"href":"https:\/\/webdealta.info\/index.php?rest_route=%2Fwp%2Fv2%2Fcategories&post=7400"},{"taxonomy":"post_tag","embeddable":true,"href":"https:\/\/webdealta.info\/index.php?rest_route=%2Fwp%2Fv2%2Ftags&post=7400"}],"curies":[{"name":"wp","href":"https:\/\/api.w.org\/{rel}","templated":true}]}}