{"id":7392,"date":"2023-07-25T21:34:02","date_gmt":"2023-07-26T01:34:02","guid":{"rendered":"https:\/\/webdealta.info\/?p=7392"},"modified":"2023-07-25T21:34:04","modified_gmt":"2023-07-26T01:34:04","slug":"altagracia-celebro-los-46-anos-de-la-unerg","status":"publish","type":"post","link":"https:\/\/webdealta.info\/?p=7392","title":{"rendered":"Altagracia celebr\u00f3 los 46 a\u00f1os de la UNERG"},"content":{"rendered":"\n<p>Prensa alcald\u00eda.-<\/p>\n\n\n\n<p>En una marcha al ritmo de vibrantes grupos de samba, inici\u00f3 la conmemoraci\u00f3n de cuatro d\u00e9cadas y seis a\u00f1os de excelencia acad\u00e9mica y compromiso con la formaci\u00f3n integral de los estudiantes. La multitudinaria caminata recorri\u00f3 las principales calles de la ciudad, con pancartas que identificaban de cada una de las secciones estudiantiles.<\/p>\n\n\n\n<p>Una vez finalizada la marcha, se reunieron para celebrar juntos en un ambiente de alegr\u00eda y camarader\u00eda en la sede de la Universidad, ubicada en el sector La Playera donde los estudiantes de las distintas carreras que la casa de estudio ofrece en el municipio, sorprendieron a las autoridades con una muestra impresionante de sus habilidades culinarias; mostrando los diferentes stands tortas exquisitas y creativas, como prueba de su talento y dedicaci\u00f3n.<\/p>\n\n\n\n<p>Durante toda la actividad el alcalde del municipio Jos\u00e9 Tadeo Monagas, Abog. Pedro Sol\u00f3rzano, los acompa\u00f1\u00f3 y al llegar al punto de concentraci\u00f3n durante su discurso expres\u00f3 dijo \u00abqueremos reconocer y felicitar a estos estudiantes y al profesorado por su esfuerzo su dedicaci\u00f3n que refleja el esp\u00edritu de nuestra instituci\u00f3n y su compromiso con la excelencia en todas las facetas de la vida universitaria\u00bb.<\/p>\n\n\n\n<p>\u00a0\u00abSigamos celebrando estos 46 a\u00f1os de logros y aprendizajes, afianzando nuestro compromiso con la educaci\u00f3n de calidad y el desarrollo integral de nuestros estudiantes. Felices 46 a\u00f1os, Unerg, que sigamos cosechando \u00e9xitos juntos\u00bb as\u00ed finaliz\u00f3 sus palabras la primera autoridad del municipio.<\/p>\n\n\n\n<p>Foto cortes\u00eda<\/p>\n\n\n\n<p><\/p>\n","protected":false},"excerpt":{"rendered":"<p>Prensa alcald\u00eda.- En una marcha al ritmo de vibrantes grupos de samba, inici\u00f3 la conmemoraci\u00f3n de cuatro d\u00e9cadas y seis a\u00f1os de excelencia acad\u00e9mica y compromiso con la formaci\u00f3n integral de los estudiantes. La multitudinaria caminata recorri\u00f3 las principales calles de la ciudad, con pancartas que identificaban de cada una<\/p>\n","protected":false},"author":2,"featured_media":7393,"comment_status":"open","ping_status":"open","sticky":false,"template":"","format":"standard","meta":{"advanced_seo_description":"","jetpack_seo_html_title":"","jetpack_seo_noindex":false,"_jetpack_memberships_contains_paid_content":false,"footnotes":"","jetpack_publicize_message":"","jetpack_publicize_feature_enabled":true,"jetpack_social_post_already_shared":true,"jetpack_social_options":{"image_generator_settings":{"template":"highway","enabled":false},"version":2}},"categories":[117,251],"tags":[8,7,32],"class_list":["post-7392","post","type-post","status-publish","format-standard","has-post-thumbnail","hentry","category-celebracion","category-webdealta","tag-altagraciadeorituco","tag-guarico","tag-webdealta",""],"jetpack_publicize_connections":[],"jetpack_featured_media_url":"https:\/\/webdealta.info\/wp-content\/uploads\/2023\/07\/unerg-2023-webdealta.png","jetpack_sharing_enabled":true,"jetpack_likes_enabled":true,"jetpack-related-posts":[],"jetpack_shortlink":"https:\/\/wp.me\/pcseDn-1Ve","_links":{"self":[{"href":"https:\/\/webdealta.info\/index.php?rest_route=\/wp\/v2\/posts\/7392","targetHints":{"allow":["GET"]}}],"collection":[{"href":"https:\/\/webdealta.info\/index.php?rest_route=\/wp\/v2\/posts"}],"about":[{"href":"https:\/\/webdealta.info\/index.php?rest_route=\/wp\/v2\/types\/post"}],"author":[{"embeddable":true,"href":"https:\/\/webdealta.info\/index.php?rest_route=\/wp\/v2\/users\/2"}],"replies":[{"embeddable":true,"href":"https:\/\/webdealta.info\/index.php?rest_route=%2Fwp%2Fv2%2Fcomments&post=7392"}],"version-history":[{"count":1,"href":"https:\/\/webdealta.info\/index.php?rest_route=\/wp\/v2\/posts\/7392\/revisions"}],"predecessor-version":[{"id":7394,"href":"https:\/\/webdealta.info\/index.php?rest_route=\/wp\/v2\/posts\/7392\/revisions\/7394"}],"wp:featuredmedia":[{"embeddable":true,"href":"https:\/\/webdealta.info\/index.php?rest_route=\/wp\/v2\/media\/7393"}],"wp:attachment":[{"href":"https:\/\/webdealta.info\/index.php?rest_route=%2Fwp%2Fv2%2Fmedia&parent=7392"}],"wp:term":[{"taxonomy":"category","embeddable":true,"href":"https:\/\/webdealta.info\/index.php?rest_route=%2Fwp%2Fv2%2Fcategories&post=7392"},{"taxonomy":"post_tag","embeddable":true,"href":"https:\/\/webdealta.info\/index.php?rest_route=%2Fwp%2Fv2%2Ftags&post=7392"}],"curies":[{"name":"wp","href":"https:\/\/api.w.org\/{rel}","templated":true}]}}