{"id":7388,"date":"2023-07-24T22:01:31","date_gmt":"2023-07-25T02:01:31","guid":{"rendered":"https:\/\/webdealta.info\/?p=7388"},"modified":"2023-07-24T22:01:33","modified_gmt":"2023-07-25T02:01:33","slug":"el-poder-del-conocimiento-el-desastre-ecologico-dust-bowl","status":"publish","type":"post","link":"https:\/\/webdealta.info\/?p=7388","title":{"rendered":"El Poder del Conocimiento: el desastre ecol\u00f3gico Dust Bowl"},"content":{"rendered":"\n<p>Amanda Saldivia.-<\/p>\n\n\n\n<p>La naturaleza provee al hombre de lo necesario para la subsistencia. Sin embargo, la sobre explotaci\u00f3n de esos recursos pueden traer da\u00f1os ambientales de consideraci\u00f3n que ponen en riesgo la vida.<\/p>\n\n\n\n<p>Uno de los desastres ecol\u00f3gicos m\u00e1s devastadores de la historia ocurri\u00f3 en Estados Unidos en la d\u00e9cada de los a\u00f1os 30 y es conocido como el Dust Bowl, que en espa\u00f1ol ser\u00eda algo as\u00ed como cuenco de polvo.<\/p>\n\n\n\n<p>Las nuevas generaciones poco conocen de esas tormentas de polvo que azotaron las extensas planicies de Estados Unidos, las cuales se transformaron en desiertos.<\/p>\n\n\n\n<p>Esto gener\u00f3 la migraci\u00f3n de millones de personas que huyeron a otros estados, a causa de la hambruna. Era imposible el cultivo, la cr\u00eda de ganado, todo qued\u00f3 devastado y los pocos que habitaban padec\u00edan de neumon\u00eda causada por el polvo.<\/p>\n\n\n\n<p>Qu\u00e9 fue lo que ocurri\u00f3 para que esas planicies se transformaran en un desierto con constantes tormentas de polvo que afectaron los estados Oklahoma, Kansas, Texas, Nuevo M\u00e9xico y Colorado. Las investigaciones apuntan que parte de la responsabilidad recay\u00f3 en la acci\u00f3n del hombre, por el sobre cultivo de la tierra y la sequ\u00eda que prevaleci\u00f3 durante esa d\u00e9cada.<\/p>\n\n\n\n<p>Esas extensas praderas donde cre\u00eda pasto aut\u00f3ctono que era el alimento de los b\u00fafalos, pas\u00f3 a ser el granero del mundo con el cultivo de m\u00e1s de 5 millones de hect\u00e1reas de trigo. La explotaci\u00f3n desmedida del suelo, unida a las caracter\u00edsticas del terreno y la sequ\u00eda, gener\u00f3 ese fen\u00f3meno.<\/p>\n\n\n\n<p>Uno de los episodios m\u00e1s documentados ocurri\u00f3 el 14 de abril de 1935, llamado el Domingo Negro. Ese d\u00eda se gener\u00f3 la tormenta de arena m\u00e1s poderosa que arras\u00f3 toda Oklahoma. Entre los testimonios de quienes sobrevivieron est\u00e1 que parec\u00eda una tarde de sol y sin amenaza alguna, cuando se levant\u00f3 una nube de polvo con vientos de m\u00e1s de 60 kil\u00f3metros por hora, los cuales arrasaron los techos de las casas y que fue tan espesa que el sol se pudo ver a los tres d\u00edas.<\/p>\n\n\n\n<p>Para superar esa erosi\u00f3n, se llev\u00f3 adelante un plan con nuevas t\u00e9cnicas de arado, rotaci\u00f3n de cultivos y siembra de \u00e1rboles que protegieran al suelo de la erosi\u00f3n causada por el viento. Se llegaron a plantar 220 millones de \u00e1rboles que actuaban como \u201crompevientos\u201d.<\/p>\n\n\n\n<p>No obstante, la soluci\u00f3n definitiva lleg\u00f3 en el oto\u00f1o de 1939 cuando comenz\u00f3 a llover con mayor regularidad en esa zona y regres\u00f3 la vida a esas extensas llanuras. La inquietud de los ambientalistas est\u00e1 si el hombre aprendi\u00f3 la lecci\u00f3n o si habr\u00e1 otras tormentas de polvo o fen\u00f3menos causados por el hombre, debido a la explotaci\u00f3n de los recursos naturales.<\/p>\n\n\n\n<p>@amandasaldivia<\/p>\n\n\n\n<p>Foto cortes\u00eda  <\/p>\n\n\n\n<p><\/p>\n","protected":false},"excerpt":{"rendered":"<p>Amanda Saldivia.- La naturaleza provee al hombre de lo necesario para la subsistencia. Sin embargo, la sobre explotaci\u00f3n de esos recursos pueden traer da\u00f1os ambientales de consideraci\u00f3n que ponen en riesgo la vida. Uno de los desastres ecol\u00f3gicos m\u00e1s devastadores de la historia ocurri\u00f3 en Estados Unidos en la d\u00e9cada<\/p>\n","protected":false},"author":2,"featured_media":7389,"comment_status":"open","ping_status":"open","sticky":false,"template":"","format":"standard","meta":{"advanced_seo_description":"","jetpack_seo_html_title":"","jetpack_seo_noindex":false,"_jetpack_memberships_contains_paid_content":false,"footnotes":"","jetpack_publicize_message":"","jetpack_publicize_feature_enabled":true,"jetpack_social_post_already_shared":true,"jetpack_social_options":{"image_generator_settings":{"template":"highway","enabled":false},"version":2}},"categories":[302,251],"tags":[8,7,32],"class_list":["post-7388","post","type-post","status-publish","format-standard","has-post-thumbnail","hentry","category-el-poder-del-conocimiento","category-webdealta","tag-altagraciadeorituco","tag-guarico","tag-webdealta",""],"jetpack_publicize_connections":[],"jetpack_featured_media_url":"https:\/\/webdealta.info\/wp-content\/uploads\/2023\/07\/el-podero-del-conocimiento-polvo-webdealta.png","jetpack_sharing_enabled":true,"jetpack_likes_enabled":true,"jetpack-related-posts":[],"jetpack_shortlink":"https:\/\/wp.me\/pcseDn-1Va","_links":{"self":[{"href":"https:\/\/webdealta.info\/index.php?rest_route=\/wp\/v2\/posts\/7388","targetHints":{"allow":["GET"]}}],"collection":[{"href":"https:\/\/webdealta.info\/index.php?rest_route=\/wp\/v2\/posts"}],"about":[{"href":"https:\/\/webdealta.info\/index.php?rest_route=\/wp\/v2\/types\/post"}],"author":[{"embeddable":true,"href":"https:\/\/webdealta.info\/index.php?rest_route=\/wp\/v2\/users\/2"}],"replies":[{"embeddable":true,"href":"https:\/\/webdealta.info\/index.php?rest_route=%2Fwp%2Fv2%2Fcomments&post=7388"}],"version-history":[{"count":1,"href":"https:\/\/webdealta.info\/index.php?rest_route=\/wp\/v2\/posts\/7388\/revisions"}],"predecessor-version":[{"id":7390,"href":"https:\/\/webdealta.info\/index.php?rest_route=\/wp\/v2\/posts\/7388\/revisions\/7390"}],"wp:featuredmedia":[{"embeddable":true,"href":"https:\/\/webdealta.info\/index.php?rest_route=\/wp\/v2\/media\/7389"}],"wp:attachment":[{"href":"https:\/\/webdealta.info\/index.php?rest_route=%2Fwp%2Fv2%2Fmedia&parent=7388"}],"wp:term":[{"taxonomy":"category","embeddable":true,"href":"https:\/\/webdealta.info\/index.php?rest_route=%2Fwp%2Fv2%2Fcategories&post=7388"},{"taxonomy":"post_tag","embeddable":true,"href":"https:\/\/webdealta.info\/index.php?rest_route=%2Fwp%2Fv2%2Ftags&post=7388"}],"curies":[{"name":"wp","href":"https:\/\/api.w.org\/{rel}","templated":true}]}}