{"id":7384,"date":"2023-07-24T21:49:41","date_gmt":"2023-07-25T01:49:41","guid":{"rendered":"https:\/\/webdealta.info\/?p=7384"},"modified":"2023-07-24T21:49:42","modified_gmt":"2023-07-25T01:49:42","slug":"altagracia-conmemoraron-natalicio-del-libertador-y-batalla-del-lago","status":"publish","type":"post","link":"https:\/\/webdealta.info\/?p=7384","title":{"rendered":"Altagracia: conmemoraron Natalicio del Libertador y Batalla del Lago"},"content":{"rendered":"\n<p>Prensa alcald\u00eda.-<\/p>\n\n\n\n<p>Con motivo de celebrarse el 240\u00b0 aniversario del Natalicio del Libertador Sim\u00f3n Bol\u00edvar, 200 a\u00f1os de la Batalla Naval del lago de Maracaibo y D\u00eda de la Armada Nacional Bolivariana, el alcalde del municipio Jos\u00e9 Tadeo Monagas, Abog. Pedro Sol\u00f3rzano, en compa\u00f1\u00eda de representantes de la Fuerza Armada Nacional Bolivariana, la C\u00e1mara Municipal, el equipo pol\u00edtico municipal, la Milicia Bolivariana y el Poder Popular organizado, cumpli\u00f3 con las ofrendas florales y parada militar ante el Padre de la Patria, en la Plaza Bol\u00edvar de Altagracia de Orituco.<\/p>\n\n\n\n<p>Posteriormente, se llev\u00f3 a cabo un acto protocolar en el cual se realizaron honores militares al Libertador Sim\u00f3n Bol\u00edvar y se record\u00f3 su legado en la lucha por la independencia de Venezuela. Tambi\u00e9n se rindi\u00f3 homenaje a los h\u00e9roes de la Batalla Naval del lago de Maracaibo, destacando su valent\u00eda y sacrificio en defensa de la Patria.<\/p>\n\n\n\n<p>El coronel Manuel Alberto Araque Zambrano, comandante del \u00c1rea de Defensa Integral 355 Tamanaco; autoridad militar encargada de comandar la parada militar, junto al teniente coronel Gustavo S\u00e1nchez, comandante del Destacamento de Comandos Rurales 34-2 y las diferentes autoridades civiles, y equipo pol\u00edtico municipal realizaron la entrega de reconocimientos a diferentes miembros de la Milicia Bolivariana.<\/p>\n\n\n\n<p>La oradora de Orden, Mar\u00eda Mart\u00ednez dio un discurso rememorando los acontecimientos ocurridos durante esas fechas y de la formaci\u00f3n de la conciencia bolivariana en cada nuevo l\u00edder social comunitario quienes tienen la responsabilidad de dar el ejemplo moral en los espacios d\u00f3nde militen y as\u00ed llevar a la realidad el ideal del Padre de la Patria Sim\u00f3n Bol\u00edvar.  <\/p>\n\n\n\n<p>Fotos cortes\u00eda <\/p>\n\n\n\n<p><\/p>\n","protected":false},"excerpt":{"rendered":"<p>Prensa alcald\u00eda.- Con motivo de celebrarse el 240\u00b0 aniversario del Natalicio del Libertador Sim\u00f3n Bol\u00edvar, 200 a\u00f1os de la Batalla Naval del lago de Maracaibo y D\u00eda de la Armada Nacional Bolivariana, el alcalde del municipio Jos\u00e9 Tadeo Monagas, Abog. Pedro Sol\u00f3rzano, en compa\u00f1\u00eda de representantes de la Fuerza Armada<\/p>\n","protected":false},"author":2,"featured_media":7385,"comment_status":"open","ping_status":"open","sticky":false,"template":"","format":"standard","meta":{"advanced_seo_description":"","jetpack_seo_html_title":"","jetpack_seo_noindex":false,"_jetpack_memberships_contains_paid_content":false,"footnotes":"","jetpack_publicize_message":"","jetpack_publicize_feature_enabled":true,"jetpack_social_post_already_shared":true,"jetpack_social_options":{"image_generator_settings":{"template":"highway","enabled":false},"version":2}},"categories":[323,335,251],"tags":[8,7,32],"class_list":["post-7384","post","type-post","status-publish","format-standard","has-post-thumbnail","hentry","category-efemerides","category-locales","category-webdealta","tag-altagraciadeorituco","tag-guarico","tag-webdealta",""],"jetpack_publicize_connections":[],"jetpack_featured_media_url":"https:\/\/webdealta.info\/wp-content\/uploads\/2023\/07\/acto-24-de-julio2023-webdealta.png","jetpack_sharing_enabled":true,"jetpack_likes_enabled":true,"jetpack-related-posts":[],"jetpack_shortlink":"https:\/\/wp.me\/pcseDn-1V6","_links":{"self":[{"href":"https:\/\/webdealta.info\/index.php?rest_route=\/wp\/v2\/posts\/7384","targetHints":{"allow":["GET"]}}],"collection":[{"href":"https:\/\/webdealta.info\/index.php?rest_route=\/wp\/v2\/posts"}],"about":[{"href":"https:\/\/webdealta.info\/index.php?rest_route=\/wp\/v2\/types\/post"}],"author":[{"embeddable":true,"href":"https:\/\/webdealta.info\/index.php?rest_route=\/wp\/v2\/users\/2"}],"replies":[{"embeddable":true,"href":"https:\/\/webdealta.info\/index.php?rest_route=%2Fwp%2Fv2%2Fcomments&post=7384"}],"version-history":[{"count":1,"href":"https:\/\/webdealta.info\/index.php?rest_route=\/wp\/v2\/posts\/7384\/revisions"}],"predecessor-version":[{"id":7386,"href":"https:\/\/webdealta.info\/index.php?rest_route=\/wp\/v2\/posts\/7384\/revisions\/7386"}],"wp:featuredmedia":[{"embeddable":true,"href":"https:\/\/webdealta.info\/index.php?rest_route=\/wp\/v2\/media\/7385"}],"wp:attachment":[{"href":"https:\/\/webdealta.info\/index.php?rest_route=%2Fwp%2Fv2%2Fmedia&parent=7384"}],"wp:term":[{"taxonomy":"category","embeddable":true,"href":"https:\/\/webdealta.info\/index.php?rest_route=%2Fwp%2Fv2%2Fcategories&post=7384"},{"taxonomy":"post_tag","embeddable":true,"href":"https:\/\/webdealta.info\/index.php?rest_route=%2Fwp%2Fv2%2Ftags&post=7384"}],"curies":[{"name":"wp","href":"https:\/\/api.w.org\/{rel}","templated":true}]}}