{"id":7378,"date":"2023-07-24T21:37:20","date_gmt":"2023-07-25T01:37:20","guid":{"rendered":"https:\/\/webdealta.info\/?p=7378"},"modified":"2023-07-24T21:37:21","modified_gmt":"2023-07-25T01:37:21","slug":"policlinica-del-llano-celebro-38-anos-de-servicio-a-la-salud","status":"publish","type":"post","link":"https:\/\/webdealta.info\/?p=7378","title":{"rendered":"Policl\u00ednica del Llano celebr\u00f3 38 a\u00f1os de servicio a la salud"},"content":{"rendered":"\n<p>Rom\u00e1n Padr\u00f3n.-<\/p>\n\n\n\n<p>El pasado s\u00e1bado 22 de julio, la gran familia de la Policl\u00ednica de Llano, C.A; ubicada en la calle Bol\u00edvar de Altagracia de Orituco, celebr\u00f3 por todo lo alto los 38 a\u00f1os de esta importante instituci\u00f3n prestadora privada de servicios de salud a la poblaci\u00f3n del municipio Jos\u00e9 Tadeo Monagas, del estado bolivariano de Gu\u00e1rico y zonas circunvecinas.<\/p>\n\n\n\n<p>El programa aniversario se cumpli\u00f3 en los espacios de La Casona, solariega y emblem\u00e1tica casa colonial que perteneci\u00f3 a varias generaciones de la distinguida familia Carballo, que fue adquirida por la policl\u00ednica el 14 de noviembre del a\u00f1o 2011 para el desarrollo de sus actividades de responsabilidad social e institucional.<\/p>\n\n\n\n<figure class=\"wp-block-image size-large\"><img loading=\"lazy\" decoding=\"async\" width=\"1024\" height=\"546\" src=\"https:\/\/webdealta.info\/wp-content\/uploads\/2023\/07\/aniversario-policlonica-2023-webdealta-2-1024x546.png\" alt=\"\" class=\"wp-image-7380\" srcset=\"https:\/\/webdealta.info\/wp-content\/uploads\/2023\/07\/aniversario-policlonica-2023-webdealta-2.png 1024w, https:\/\/webdealta.info\/wp-content\/uploads\/2023\/07\/aniversario-policlonica-2023-webdealta-2.png 300w, https:\/\/webdealta.info\/wp-content\/uploads\/2023\/07\/aniversario-policlonica-2023-webdealta-2.png 768w, https:\/\/webdealta.info\/wp-content\/uploads\/2023\/07\/aniversario-policlonica-2023-webdealta-2.png 1170w, https:\/\/webdealta.info\/wp-content\/uploads\/2023\/07\/aniversario-policlonica-2023-webdealta-2.png 1500w, https:\/\/webdealta.info\/wp-content\/uploads\/2023\/07\/aniversario-policlonica-2023-webdealta-2.png 1280w\" sizes=\"auto, (max-width: 640px) 100vw, 640px\" \/><\/figure>\n\n\n\n<p>Con la bendici\u00f3n y palabras a cargo del presb\u00edtero Cruz Rafael Mujica, sacerdote p\u00e1rroco de Nuestra Se\u00f1ora de Altagracia, se dio inicio a los actos aniversarios, luego inauguraci\u00f3n de la Sala de Conferencias Policl\u00ednica del Llano y palabras alusivas a la importante celebraci\u00f3n por parte de la conocida periodista gracitana licenciada Marbella Sierra.<\/p>\n\n\n\n<p>En su intervenci\u00f3n, la periodista resalt\u00f3 aspectos sobre la etapa de lo que fue la cl\u00ednica \u201cSan Jos\u00e9\u201d gerenciada por su m\u00e9dico propietario el Dr. Jos\u00e9 Ignacio Gonz\u00e1lez Aragort. Luego disert\u00f3 sobre el proceso de crecimiento de la instituci\u00f3n desde que los m\u00e9dicos fundadores: Doctores Tomas Enrique Hern\u00e1ndez, Luis Esteban G\u00e1mez Pocaterra y el Dr. Abelardo Doumat, la adquirieron el 22 de julio de 1985, siendo este el punto de inicio de la Policl\u00ednica del Llano, C.A.<\/p>\n\n\n\n<p>La licenciada Marbella Sierra expres\u00f3 su reconocimiento a todos los accionistas y al personal de la instituci\u00f3n, de los que dijo han sido determinantes para alcanzar los niveles de excelencia que hoy por hoy ofrece la Policl\u00ednica del Llano a sus usuarios.<\/p>\n\n\n\n<p>Igualmente, elogi\u00f3 la constancia y dedicaci\u00f3n que en aras del mejor funcionamiento de la instituci\u00f3n ha puesto el Dr. Abelardo Doumat en el ejercicio de la presidencia de la junta directiva, a la Sra. Teresa de Doumat, Gerente de Servicios generales, por su permanente atenci\u00f3n a la labor social y al arquitecto Leonardo Doumat Del Corral que ha hecho su parte en mejorar, recuperar y remozar la emblem\u00e1tica casona colonial.<\/p>\n\n\n\n<p>Cabe destacar que, en esta parte de la programaci\u00f3n, todos los presentes rindieron un minuto de silencio en memoria del Dr. Luis Esteban G\u00e1mez Pocaterra, recordado entre los distinguidos galenos fundadores de la Policl\u00ednica del Llano.<\/p>\n\n\n\n<p>Los actos prosiguieron con la develaci\u00f3n de cuadros de prominentes miembros de pasada generaci\u00f3n de los Carballo, el Sr. Ram\u00f3n Carballo y do\u00f1a Micaela Carballo, momento que fue ilustrado con palabras de la profesora Olga Carballo, descendiente de esta tradicional familia gracitana de anta\u00f1o. &nbsp;<\/p>\n\n\n\n<figure class=\"wp-block-image size-large\"><img loading=\"lazy\" decoding=\"async\" width=\"1024\" height=\"757\" src=\"https:\/\/webdealta.info\/wp-content\/uploads\/2023\/07\/photo_5042242643333065899_y-1024x757.jpg\" alt=\"\" class=\"wp-image-7381\" srcset=\"https:\/\/webdealta.info\/wp-content\/uploads\/2023\/07\/photo_5042242643333065899_y.jpg 1024w, https:\/\/webdealta.info\/wp-content\/uploads\/2023\/07\/photo_5042242643333065899_y.jpg 300w, https:\/\/webdealta.info\/wp-content\/uploads\/2023\/07\/photo_5042242643333065899_y.jpg 768w, https:\/\/webdealta.info\/wp-content\/uploads\/2023\/07\/photo_5042242643333065899_y.jpg 1170w, https:\/\/webdealta.info\/wp-content\/uploads\/2023\/07\/photo_5042242643333065899_y.jpg 1280w\" sizes=\"auto, (max-width: 640px) 100vw, 640px\" \/><\/figure>\n\n\n\n<p>Seguidamente, un variado repertorio musical se dejo escuchar por los amplios pasillos y salones de la casona colonial, ejecutado magistralmente por el Ensamble Alma Llanera, perteneciente a la Orquesta Sinf\u00f3nica Infantil y Juvenil \u201cRafael Magdaleno Infante Bandr\u00e9s\u201d, j\u00f3venes m\u00fasicos dirigidos por la batuta del Prof. Ronner Landaeta y el director general Leonel Carranza. Merecidamente fueron ovacionados por los invitados presentes en el acto.<\/p>\n\n\n\n<p>Con hermosos pasodobles, &nbsp;la Dra. Mar\u00eda Vel\u00e1squez obsequio a los presentes, quienes agradecieron y valoraron su excelente interpretaci\u00f3n con much\u00edsimos aplausos y requerimientos de m\u00e1s canciones. Acto seguido, la&nbsp; Sra. Teresa de Doumat invito a los &nbsp;presente a pasear por los diferentes espacios de la remozada casona, mostrando diversos aspectos de esta, entre otros, la ya apertura de un museo con &nbsp;implementos y equipos m\u00e9dicos utilizados en los primeros a\u00f1os de la Policl\u00ednica de Llano. &nbsp;<\/p>\n\n\n\n<p>El ameno compartir en familia finalizo con el tradicional brindis, un\u00a0 refrigerio y el canto del cumplea\u00f1os feliz\u00a0 por parte de m\u00e9dicos, especialistas, enfermer\u00eda, administrativos, de Servicios generales, obreros e invitados especiales, que degustaron un delicioso pastel aniversario. <\/p>\n\n\n\n<p>Fotos Rom\u00e1n Padr\u00f3n<\/p>\n","protected":false},"excerpt":{"rendered":"<p>Rom\u00e1n Padr\u00f3n.- El pasado s\u00e1bado 22 de julio, la gran familia de la Policl\u00ednica de Llano, C.A; ubicada en la calle Bol\u00edvar de Altagracia de Orituco, celebr\u00f3 por todo lo alto los 38 a\u00f1os de esta importante instituci\u00f3n prestadora privada de servicios de salud a la poblaci\u00f3n del municipio Jos\u00e9<\/p>\n","protected":false},"author":2,"featured_media":7379,"comment_status":"open","ping_status":"open","sticky":false,"template":"","format":"standard","meta":{"advanced_seo_description":"","jetpack_seo_html_title":"","jetpack_seo_noindex":false,"_jetpack_memberships_contains_paid_content":false,"footnotes":"","jetpack_publicize_message":"","jetpack_publicize_feature_enabled":true,"jetpack_social_post_already_shared":true,"jetpack_social_options":{"image_generator_settings":{"template":"highway","enabled":false},"version":2}},"categories":[117,335,251],"tags":[8,7,32],"class_list":["post-7378","post","type-post","status-publish","format-standard","has-post-thumbnail","hentry","category-celebracion","category-locales","category-webdealta","tag-altagraciadeorituco","tag-guarico","tag-webdealta",""],"jetpack_publicize_connections":[],"jetpack_featured_media_url":"https:\/\/webdealta.info\/wp-content\/uploads\/2023\/07\/aniversario-policlinica-2023-webdealta.png","jetpack_sharing_enabled":true,"jetpack_likes_enabled":true,"jetpack-related-posts":[],"jetpack_shortlink":"https:\/\/wp.me\/pcseDn-1V0","_links":{"self":[{"href":"https:\/\/webdealta.info\/index.php?rest_route=\/wp\/v2\/posts\/7378","targetHints":{"allow":["GET"]}}],"collection":[{"href":"https:\/\/webdealta.info\/index.php?rest_route=\/wp\/v2\/posts"}],"about":[{"href":"https:\/\/webdealta.info\/index.php?rest_route=\/wp\/v2\/types\/post"}],"author":[{"embeddable":true,"href":"https:\/\/webdealta.info\/index.php?rest_route=\/wp\/v2\/users\/2"}],"replies":[{"embeddable":true,"href":"https:\/\/webdealta.info\/index.php?rest_route=%2Fwp%2Fv2%2Fcomments&post=7378"}],"version-history":[{"count":1,"href":"https:\/\/webdealta.info\/index.php?rest_route=\/wp\/v2\/posts\/7378\/revisions"}],"predecessor-version":[{"id":7382,"href":"https:\/\/webdealta.info\/index.php?rest_route=\/wp\/v2\/posts\/7378\/revisions\/7382"}],"wp:featuredmedia":[{"embeddable":true,"href":"https:\/\/webdealta.info\/index.php?rest_route=\/wp\/v2\/media\/7379"}],"wp:attachment":[{"href":"https:\/\/webdealta.info\/index.php?rest_route=%2Fwp%2Fv2%2Fmedia&parent=7378"}],"wp:term":[{"taxonomy":"category","embeddable":true,"href":"https:\/\/webdealta.info\/index.php?rest_route=%2Fwp%2Fv2%2Fcategories&post=7378"},{"taxonomy":"post_tag","embeddable":true,"href":"https:\/\/webdealta.info\/index.php?rest_route=%2Fwp%2Fv2%2Ftags&post=7378"}],"curies":[{"name":"wp","href":"https:\/\/api.w.org\/{rel}","templated":true}]}}