{"id":7369,"date":"2023-07-20T21:20:59","date_gmt":"2023-07-21T01:20:59","guid":{"rendered":"https:\/\/webdealta.info\/?p=7369"},"modified":"2023-07-20T21:21:00","modified_gmt":"2023-07-21T01:21:00","slug":"mcm-estamos-combatiendo-la-violencia-que-ellos-representan","status":"publish","type":"post","link":"https:\/\/webdealta.info\/?p=7369","title":{"rendered":"MCM: \u201cestamos combatiendo la violencia que ellos representan\u201d"},"content":{"rendered":"\n<p>Amanda Saldivia.-<\/p>\n\n\n\n<p>\u201cCreen que con este tipo de agresi\u00f3n nos va de debilitar\u2026nosotros <a>estamos combatiendo la violencia que ellos representan<\/a>, por qu\u00e9 nos agreden, por qu\u00e9 tratan de trancarme el camino, tienen miedo, tienen miedo, la violencia es lo \u00fanico que le queda al que se sabe derrotado\u201d, expres\u00f3 Mar\u00eda Corina Machado en medio de un acto celebrado, este jueves 20 de julio, en Valle de la Pascua.<\/p>\n\n\n\n<p>La referencia a la agresi\u00f3n fue por las bombas con excremento que fueron lanzadas en medio de acto de masas y por el cierre de v\u00eda que denunci\u00f3 m\u00e1s temprano, justo cuando se dirig\u00eda a esa poblaci\u00f3n del estado Gu\u00e1rico. De acuerdo a la versi\u00f3n dada a conocer por la propia candidata, la carretera ten\u00eda obst\u00e1culos, adem\u00e1s de la presencia de sujetos encapuchados y armados.<\/p>\n\n\n\n<p>En el mensaje dado a los vallepascuenses, se refiri\u00f3 a la etapa final de un proceso al cual catalog\u00f3 de \u201cdoloroso\u201d, pero a la vez se\u00f1al\u00f3 que tiene la firma convicci\u00f3n de que ser\u00e1 superado, \u201cporque Dios est\u00e1 con nosotros en esta lucha, porque esta es una lucha espiritual entre el bien y el mal, y el bien siempre triunfa\u201d.<\/p>\n\n\n\n<p>Mar\u00eda Corina Machado seguir\u00e1 en Gu\u00e1rico. Para este viernes 21 de julio est\u00e1 previsto un acto en San Juan de los Morros. Altagracia de Orituco no figur\u00f3 en la gira de esta candidata que se medir\u00e1 en las primarias previstas para el 22 de octubre, con la finalidad de escoger el candidato de la alianza opositora.<\/p>\n\n\n\n<p>@amandasaldivia <\/p>\n\n\n\n<p>foto cortes\u00eda<\/p>\n\n\n\n<p><\/p>\n","protected":false},"excerpt":{"rendered":"<p>Amanda Saldivia.- \u201cCreen que con este tipo de agresi\u00f3n nos va de debilitar\u2026nosotros estamos combatiendo la violencia que ellos representan, por qu\u00e9 nos agreden, por qu\u00e9 tratan de trancarme el camino, tienen miedo, tienen miedo, la violencia es lo \u00fanico que le queda al que se sabe derrotado\u201d, expres\u00f3 Mar\u00eda<\/p>\n","protected":false},"author":2,"featured_media":7370,"comment_status":"open","ping_status":"open","sticky":false,"template":"","format":"standard","meta":{"advanced_seo_description":"","jetpack_seo_html_title":"","jetpack_seo_noindex":false,"_jetpack_memberships_contains_paid_content":false,"footnotes":"","jetpack_publicize_message":"","jetpack_publicize_feature_enabled":true,"jetpack_social_post_already_shared":true,"jetpack_social_options":{"image_generator_settings":{"template":"highway","enabled":false},"version":2}},"categories":[142],"tags":[8,7,32],"class_list":["post-7369","post","type-post","status-publish","format-standard","has-post-thumbnail","hentry","category-politica","tag-altagraciadeorituco","tag-guarico","tag-webdealta",""],"jetpack_publicize_connections":[],"jetpack_featured_media_url":"https:\/\/webdealta.info\/wp-content\/uploads\/2023\/07\/mcm-webdealta.png","jetpack_sharing_enabled":true,"jetpack_likes_enabled":true,"jetpack-related-posts":[],"jetpack_shortlink":"https:\/\/wp.me\/pcseDn-1UR","_links":{"self":[{"href":"https:\/\/webdealta.info\/index.php?rest_route=\/wp\/v2\/posts\/7369","targetHints":{"allow":["GET"]}}],"collection":[{"href":"https:\/\/webdealta.info\/index.php?rest_route=\/wp\/v2\/posts"}],"about":[{"href":"https:\/\/webdealta.info\/index.php?rest_route=\/wp\/v2\/types\/post"}],"author":[{"embeddable":true,"href":"https:\/\/webdealta.info\/index.php?rest_route=\/wp\/v2\/users\/2"}],"replies":[{"embeddable":true,"href":"https:\/\/webdealta.info\/index.php?rest_route=%2Fwp%2Fv2%2Fcomments&post=7369"}],"version-history":[{"count":1,"href":"https:\/\/webdealta.info\/index.php?rest_route=\/wp\/v2\/posts\/7369\/revisions"}],"predecessor-version":[{"id":7371,"href":"https:\/\/webdealta.info\/index.php?rest_route=\/wp\/v2\/posts\/7369\/revisions\/7371"}],"wp:featuredmedia":[{"embeddable":true,"href":"https:\/\/webdealta.info\/index.php?rest_route=\/wp\/v2\/media\/7370"}],"wp:attachment":[{"href":"https:\/\/webdealta.info\/index.php?rest_route=%2Fwp%2Fv2%2Fmedia&parent=7369"}],"wp:term":[{"taxonomy":"category","embeddable":true,"href":"https:\/\/webdealta.info\/index.php?rest_route=%2Fwp%2Fv2%2Fcategories&post=7369"},{"taxonomy":"post_tag","embeddable":true,"href":"https:\/\/webdealta.info\/index.php?rest_route=%2Fwp%2Fv2%2Ftags&post=7369"}],"curies":[{"name":"wp","href":"https:\/\/api.w.org\/{rel}","templated":true}]}}