{"id":7365,"date":"2023-07-20T20:28:22","date_gmt":"2023-07-21T00:28:22","guid":{"rendered":"https:\/\/webdealta.info\/?p=7365"},"modified":"2023-07-20T20:29:29","modified_gmt":"2023-07-21T00:29:29","slug":"rehabilitaron-gimnasio-rosa-osorio-de-camaguan","status":"publish","type":"post","link":"https:\/\/webdealta.info\/?p=7365","title":{"rendered":"Rehabilitaron gimnasio Rosa Osorio de Camagu\u00e1n"},"content":{"rendered":"\n<p>El gobernador del estado Gu\u00e1rico Jos\u00e9 V\u00e1squez, junto al presidente del Instituto Regional del Deporte (Irdebg) \u00c1ngel \u201cCayayo\u201d Acosta, y el alcalde del municipio Esteros de Camagu\u00e1n Emilio \u00c1vila, reabri\u00f3 las puertas del gimnasio cubierto Rosa Osorio de la respectiva localidad, luego de ejecutar trabajos de rehabilitaci\u00f3n y embellecimiento en las instalaciones, en la cual prev\u00e9 ampliar el desarrollo de las disciplinas deportivas de voleibol y baloncesto a favor de la juventud.<\/p>\n\n\n\n<p>\u00abHoy estamos entregando como nuevo este gimnasio en este municipio \u00a1Qued\u00f3 hermoso!\u00bb, fue la expresi\u00f3n del Mandatario Regional durante el acto de reinauguraci\u00f3n de las instalaciones puntualizando que esta corresponde a la obra n\u00famero 104 en ser recuperada durante toda la gesti\u00f3n de gobierno contemplando trabajos de electrificaci\u00f3n, alumbrado, pintura interna y externa, adem\u00e1s del respectivo equipamiento de material para las pr\u00e1cticas de los clubes deportivos que har\u00e1n vida en este, as\u00ed como la comunidad en general.<\/p>\n\n\n\n<p>Asimismo, V\u00e1squez indic\u00f3 que dentro de esta jurisdicci\u00f3n tambi\u00e9n se proceder\u00e1 a la rehabilitaci\u00f3n del Gimnasio de Taekwondo, adem\u00e1s de una cancha deportiva en la parroquia Puerto Miranda, mientras que en el \u00e1mbito de la salud se espera inaugurar la \u00abCl\u00ednica Popular El Venerable\u00bb donde se encuentran trabajando en los detalles finales, siendo esto en general parte del proceso de inversi\u00f3n social para el bien de la poblaci\u00f3n.<\/p>\n\n\n\n<p>Por su parte, el burgomaestre Emilio \u00c1vila, acot\u00f3 que mediante este nuevo proyecto &nbsp;se permite avanzar en la organizaci\u00f3n del gremio deportivo de la municipalidad para que cada disciplina pueda contar con un espacio propio para su respectiva pr\u00e1ctica, al tiempo que ratific\u00f3 el compromiso con este sector desde el inicio. \u00abEl Estadio Francisco Pancho Toro, fue la primera obra que rehabilitamos en nuestro inicio de gesti\u00f3n de gobierno y avanzamos con la cancha de la parroquia Uverito, por eso, vamos pa&#8217; lante con todo, trabajando en materia deportiva\u00bb, enfatiz\u00f3 \u00c1vila, acotando que en este mismo espacio tambi\u00e9n se abre paso a la primera Escuela de Tenis de Mesa Manuel Mar\u00eda Gonz\u00e1lez.<\/p>\n\n\n\n<p>\u00abEsto es un reencuentro de voleibolistas que iniciaron hace 25 a\u00f1os. Los que ayer fuimos atletas, hoy somos dirigentes que trabajamos en funci\u00f3n de garantizar el desarrollo de estos espacios\u00bb, expres\u00f3 el director del Instituto Municipal del Deporte Nerio P\u00e9rez, en relaci\u00f3n al juego inaugural entre la selecci\u00f3n de voleibol de Camagu\u00e1n Master Vs. Apure M\u00e1ster, mientras que la l\u00edder popular Gina Gallardo expres\u00f3 su satisfacci\u00f3n ante la atenci\u00f3n que mantiene el Gobierno Bolivariano con el embellecimiento de estos espacios en medio de las sanciones y bloqueos que afronta el pa\u00eds. <\/p>\n\n\n\n<p>Sibci Gu\u00e1rico<\/p>\n\n\n\n<p><\/p>\n","protected":false},"excerpt":{"rendered":"<p>El gobernador del estado Gu\u00e1rico Jos\u00e9 V\u00e1squez, junto al presidente del Instituto Regional del Deporte (Irdebg) \u00c1ngel \u201cCayayo\u201d Acosta, y el alcalde del municipio Esteros de Camagu\u00e1n Emilio \u00c1vila, reabri\u00f3 las puertas del gimnasio cubierto Rosa Osorio de la respectiva localidad, luego de ejecutar trabajos de rehabilitaci\u00f3n y embellecimiento en<\/p>\n","protected":false},"author":2,"featured_media":7366,"comment_status":"open","ping_status":"open","sticky":false,"template":"","format":"standard","meta":{"advanced_seo_description":"","jetpack_seo_html_title":"","jetpack_seo_noindex":false,"_jetpack_memberships_contains_paid_content":false,"footnotes":"","jetpack_publicize_message":"","jetpack_publicize_feature_enabled":true,"jetpack_social_post_already_shared":true,"jetpack_social_options":{"image_generator_settings":{"template":"highway","enabled":false},"version":2}},"categories":[66,251],"tags":[7,32],"class_list":["post-7365","post","type-post","status-publish","format-standard","has-post-thumbnail","hentry","category-regionales","category-webdealta","tag-guarico","tag-webdealta",""],"jetpack_publicize_connections":[],"jetpack_featured_media_url":"https:\/\/webdealta.info\/wp-content\/uploads\/2023\/07\/gimnasio-webdealta-camaguan.png","jetpack_sharing_enabled":true,"jetpack_likes_enabled":true,"jetpack-related-posts":[],"jetpack_shortlink":"https:\/\/wp.me\/pcseDn-1UN","_links":{"self":[{"href":"https:\/\/webdealta.info\/index.php?rest_route=\/wp\/v2\/posts\/7365","targetHints":{"allow":["GET"]}}],"collection":[{"href":"https:\/\/webdealta.info\/index.php?rest_route=\/wp\/v2\/posts"}],"about":[{"href":"https:\/\/webdealta.info\/index.php?rest_route=\/wp\/v2\/types\/post"}],"author":[{"embeddable":true,"href":"https:\/\/webdealta.info\/index.php?rest_route=\/wp\/v2\/users\/2"}],"replies":[{"embeddable":true,"href":"https:\/\/webdealta.info\/index.php?rest_route=%2Fwp%2Fv2%2Fcomments&post=7365"}],"version-history":[{"count":1,"href":"https:\/\/webdealta.info\/index.php?rest_route=\/wp\/v2\/posts\/7365\/revisions"}],"predecessor-version":[{"id":7367,"href":"https:\/\/webdealta.info\/index.php?rest_route=\/wp\/v2\/posts\/7365\/revisions\/7367"}],"wp:featuredmedia":[{"embeddable":true,"href":"https:\/\/webdealta.info\/index.php?rest_route=\/wp\/v2\/media\/7366"}],"wp:attachment":[{"href":"https:\/\/webdealta.info\/index.php?rest_route=%2Fwp%2Fv2%2Fmedia&parent=7365"}],"wp:term":[{"taxonomy":"category","embeddable":true,"href":"https:\/\/webdealta.info\/index.php?rest_route=%2Fwp%2Fv2%2Fcategories&post=7365"},{"taxonomy":"post_tag","embeddable":true,"href":"https:\/\/webdealta.info\/index.php?rest_route=%2Fwp%2Fv2%2Ftags&post=7365"}],"curies":[{"name":"wp","href":"https:\/\/api.w.org\/{rel}","templated":true}]}}