{"id":7356,"date":"2023-07-18T21:14:29","date_gmt":"2023-07-19T01:14:29","guid":{"rendered":"https:\/\/webdealta.info\/?p=7356"},"modified":"2023-07-18T21:15:24","modified_gmt":"2023-07-19T01:15:24","slug":"vehiculo-fue-arrastrado-por-crecida-de-quebrada","status":"publish","type":"post","link":"https:\/\/webdealta.info\/?p=7356","title":{"rendered":"Veh\u00edculo fue arrastrado por crecida de quebrada"},"content":{"rendered":"\n<p>Amanda Saldivia.-<\/p>\n\n\n\n<p>El veh\u00edculo del locutor Rafael Loreto, conductor del programa Serenatas Rancheras que se transmite los domingos en la emisora Activa 104.9 FM, fue arrastrado por el cauce de la quebrada Paural, ubicada en la zona este de Altagracia de Orituco, la cual creci\u00f3 de manera abrupta, debido a las fuertes precipitaciones registradas en la tarde de este martes 18 de julio.<\/p>\n\n\n\n<p>El hecho ocurri\u00f3 pasada las cinco de la tarte, en la calle Sina\u00ed de Paural II, a la altura de la batea. Trascendi\u00f3 que la unidad estaba estacionada a la espera del turno para surtir gasolina en la estaci\u00f3n de servicios Urimare, cuando la crecida de la quebrada la arrastr\u00f3, con la fortuna de que el locutor result\u00f3 ileso.<\/p>\n\n\n\n<p>De acuerdo a la informaci\u00f3n suministrada por el coronel Denis Dur\u00e1n, comandante del Cuerpo de Bomberos Andr\u00e9 Fourneau, la acci\u00f3n de los funcionarios consisti\u00f3 en constatar la salud del conductor y coordinar el rescate del veh\u00edculo marca Ford, modelo Maverick, color verde.<\/p>\n\n\n\n<p>En las fotograf\u00edas y videos enviados por vecinos a la Web de Altagracia, se pudo apreciar a ciudadanos y funcionarios bomberiles en el cauce de la quebrada, quienes colocaron cuerdas para colaborar con la extracci\u00f3n del veh\u00edculo.<\/p>\n\n\n\n<p>Hasta el momento de la publicaci\u00f3n de esta nota, no se ha logrado comunicaci\u00f3n directa con el locutor Rafael Loreto, quien es oriundo de Paso Real de Macaira, adem\u00e1s de tener trayectoria en el campo pol\u00edtico, porque fue concejal del municipio Jos\u00e9 Tadeo Monagas.<\/p>\n\n\n\n<p>@amandasaldivia  <\/p>\n\n\n\n<p><\/p>\n","protected":false},"excerpt":{"rendered":"<p>Amanda Saldivia.- El veh\u00edculo del locutor Rafael Loreto, conductor del programa Serenatas Rancheras que se transmite los domingos en la emisora Activa 104.9 FM, fue arrastrado por el cauce de la quebrada Paural, ubicada en la zona este de Altagracia de Orituco, la cual creci\u00f3 de manera abrupta, debido a<\/p>\n","protected":false},"author":2,"featured_media":7357,"comment_status":"open","ping_status":"open","sticky":false,"template":"","format":"standard","meta":{"advanced_seo_description":"","jetpack_seo_html_title":"","jetpack_seo_noindex":false,"_jetpack_memberships_contains_paid_content":false,"footnotes":"","jetpack_publicize_message":"","jetpack_publicize_feature_enabled":true,"jetpack_social_post_already_shared":true,"jetpack_social_options":{"image_generator_settings":{"template":"highway","enabled":false},"version":2}},"categories":[54,234,251],"tags":[8,32],"class_list":["post-7356","post","type-post","status-publish","format-standard","has-post-thumbnail","hentry","category-lluvias","category-sucesos","category-webdealta","tag-altagraciadeorituco","tag-webdealta",""],"jetpack_publicize_connections":[],"jetpack_featured_media_url":"https:\/\/webdealta.info\/wp-content\/uploads\/2023\/07\/carro-webdealta-lluvias.png","jetpack_sharing_enabled":true,"jetpack_likes_enabled":true,"jetpack-related-posts":[],"jetpack_shortlink":"https:\/\/wp.me\/pcseDn-1UE","_links":{"self":[{"href":"https:\/\/webdealta.info\/index.php?rest_route=\/wp\/v2\/posts\/7356","targetHints":{"allow":["GET"]}}],"collection":[{"href":"https:\/\/webdealta.info\/index.php?rest_route=\/wp\/v2\/posts"}],"about":[{"href":"https:\/\/webdealta.info\/index.php?rest_route=\/wp\/v2\/types\/post"}],"author":[{"embeddable":true,"href":"https:\/\/webdealta.info\/index.php?rest_route=\/wp\/v2\/users\/2"}],"replies":[{"embeddable":true,"href":"https:\/\/webdealta.info\/index.php?rest_route=%2Fwp%2Fv2%2Fcomments&post=7356"}],"version-history":[{"count":1,"href":"https:\/\/webdealta.info\/index.php?rest_route=\/wp\/v2\/posts\/7356\/revisions"}],"predecessor-version":[{"id":7358,"href":"https:\/\/webdealta.info\/index.php?rest_route=\/wp\/v2\/posts\/7356\/revisions\/7358"}],"wp:featuredmedia":[{"embeddable":true,"href":"https:\/\/webdealta.info\/index.php?rest_route=\/wp\/v2\/media\/7357"}],"wp:attachment":[{"href":"https:\/\/webdealta.info\/index.php?rest_route=%2Fwp%2Fv2%2Fmedia&parent=7356"}],"wp:term":[{"taxonomy":"category","embeddable":true,"href":"https:\/\/webdealta.info\/index.php?rest_route=%2Fwp%2Fv2%2Fcategories&post=7356"},{"taxonomy":"post_tag","embeddable":true,"href":"https:\/\/webdealta.info\/index.php?rest_route=%2Fwp%2Fv2%2Ftags&post=7356"}],"curies":[{"name":"wp","href":"https:\/\/api.w.org\/{rel}","templated":true}]}}