{"id":7336,"date":"2023-07-13T22:20:24","date_gmt":"2023-07-14T02:20:24","guid":{"rendered":"https:\/\/webdealta.info\/?p=7336"},"modified":"2023-07-13T22:48:13","modified_gmt":"2023-07-14T02:48:13","slug":"reactivaran-fodem-y-habra-feria-de-emprendedores","status":"publish","type":"post","link":"https:\/\/webdealta.info\/?p=7336","title":{"rendered":"Reactivar\u00e1n FODEM y habr\u00e1 feria de emprendedores"},"content":{"rendered":"\n<p>Amanda Saldivia.-<\/p>\n\n\n\n<p>La reactivaci\u00f3n del Fondo de Desarrollo Municipal (Fodem) y la realizaci\u00f3n de las Ferias para proyectar las fortalezas del Orituco, fueron parte de los anuncios dados a conocer en la asamblea de emprendedores celebrada este jueves 13 de julio, en la escuela b\u00e1sica Los Guaiquer\u00edes de Altagracia de Orituco.<\/p>\n\n\n\n<p>Fue el alcalde Pedro Sol\u00f3rzano, quien anunci\u00f3 que en los pr\u00f3ximos d\u00edas ser\u00e1 reactivado FODEM, a los fines de apoyar al movimiento de emprendedores de esta regi\u00f3n guarique\u00f1a, como una alternativa adicional al programa Emprender Juntos que impulsa el gobierno nacional, el cual incluye financiamiento a trav\u00e9s de la banca p\u00fablica y privada del pa\u00eds.<\/p>\n\n\n\n<p>\u201cQuiero aprovechar la oportunidad para decir que nosotros en los pr\u00f3ximos d\u00edas vamos a reactivar el Fodem y estar\u00e1 al servicio de los emprendedores y las emprendedoras\u201d, expres\u00f3 el alcalde al tiempo que present\u00f3 a Rafael Pedriquez, un innovador que realiza materiales para impermeabilizaci\u00f3n y de otros usos en construcci\u00f3n, a partir de pl\u00e1stico reciclado.<\/p>\n\n\n\n<p>Por su parte, Andr\u00e9s Carballo, coordinador territorial de la plataforma Emprender Juntos y funcionario del Fondo de Emprendedores del estado Gu\u00e1rico, anunci\u00f3 que conjuntamente con la alcald\u00eda del municipio Monagas, espec\u00edficamente con Dulce Meza, comisionada de Desarrollo Econ\u00f3mico y Dilcia Rever\u00f3n, coordinadora del Movimiento de Emprendedores, est\u00e1n organizando la feria que se celebrar\u00e1 a finales de este mes de julio.<\/p>\n\n\n\n<p>La intenci\u00f3n, dijo el funcionario, es mostrar los productos y servicios de cada uno de ellos, como parte de esas directrices que tienen la plataforma Emprender Juntos, la cual contempla enfocarse en cuatro aspectos, formaci\u00f3n, formalizaci\u00f3n, financiamiento y ferias, esta \u00faltima importante para el intercambio de saberes entre quienes forman parte de ese movimiento en el municipio Monagas.<\/p>\n\n\n\n<p>Durante la realizaci\u00f3n de la asamblea, tambi\u00e9n tom\u00f3 la palabra Dilcia Rever\u00f3n para precisar que ya han formalizado ante el SAREM 196 emprendedores y est\u00e1n otros 100 en proceso; mientras que la profesora Mar\u00eda Antonia Livia y Gustavo Plasencia, desatacaron la importancia de registrarse en la plataforma Emprender Juntos.<\/p>\n\n\n\n<p>Entre los presentes estaba Frank \u00c1lvarez, gracitano y parlamentario del Consejo Legislativo del estado Gu\u00e1rico, as\u00ed como un grupo de emprendedores que conformaron mesas de trabajo, para afinar los retos del movimiento en el Orituco.<\/p>\n\n\n\n<p>@amandasaldivia  <\/p>\n\n\n\n<p><\/p>\n","protected":false},"excerpt":{"rendered":"<p>Amanda Saldivia.- La reactivaci\u00f3n del Fondo de Desarrollo Municipal (Fodem) y la realizaci\u00f3n de las Ferias para proyectar las fortalezas del Orituco, fueron parte de los anuncios dados a conocer en la asamblea de emprendedores celebrada este jueves 13 de julio, en la escuela b\u00e1sica Los Guaiquer\u00edes de Altagracia de<\/p>\n","protected":false},"author":2,"featured_media":7337,"comment_status":"open","ping_status":"open","sticky":false,"template":"","format":"standard","meta":{"advanced_seo_description":"","jetpack_seo_html_title":"","jetpack_seo_noindex":false,"_jetpack_memberships_contains_paid_content":false,"footnotes":"","jetpack_publicize_message":"","jetpack_publicize_feature_enabled":true,"jetpack_social_post_already_shared":true,"jetpack_social_options":{"image_generator_settings":{"template":"highway","enabled":false},"version":2}},"categories":[231,251],"tags":[8,7,32],"class_list":["post-7336","post","type-post","status-publish","format-standard","has-post-thumbnail","hentry","category-emprendedores","category-webdealta","tag-altagraciadeorituco","tag-guarico","tag-webdealta",""],"jetpack_publicize_connections":[],"jetpack_featured_media_url":"https:\/\/webdealta.info\/wp-content\/uploads\/2023\/07\/emprendedores-webdealta-2023.png","jetpack_sharing_enabled":true,"jetpack_likes_enabled":true,"jetpack-related-posts":[],"jetpack_shortlink":"https:\/\/wp.me\/pcseDn-1Uk","_links":{"self":[{"href":"https:\/\/webdealta.info\/index.php?rest_route=\/wp\/v2\/posts\/7336","targetHints":{"allow":["GET"]}}],"collection":[{"href":"https:\/\/webdealta.info\/index.php?rest_route=\/wp\/v2\/posts"}],"about":[{"href":"https:\/\/webdealta.info\/index.php?rest_route=\/wp\/v2\/types\/post"}],"author":[{"embeddable":true,"href":"https:\/\/webdealta.info\/index.php?rest_route=\/wp\/v2\/users\/2"}],"replies":[{"embeddable":true,"href":"https:\/\/webdealta.info\/index.php?rest_route=%2Fwp%2Fv2%2Fcomments&post=7336"}],"version-history":[{"count":1,"href":"https:\/\/webdealta.info\/index.php?rest_route=\/wp\/v2\/posts\/7336\/revisions"}],"predecessor-version":[{"id":7338,"href":"https:\/\/webdealta.info\/index.php?rest_route=\/wp\/v2\/posts\/7336\/revisions\/7338"}],"wp:featuredmedia":[{"embeddable":true,"href":"https:\/\/webdealta.info\/index.php?rest_route=\/wp\/v2\/media\/7337"}],"wp:attachment":[{"href":"https:\/\/webdealta.info\/index.php?rest_route=%2Fwp%2Fv2%2Fmedia&parent=7336"}],"wp:term":[{"taxonomy":"category","embeddable":true,"href":"https:\/\/webdealta.info\/index.php?rest_route=%2Fwp%2Fv2%2Fcategories&post=7336"},{"taxonomy":"post_tag","embeddable":true,"href":"https:\/\/webdealta.info\/index.php?rest_route=%2Fwp%2Fv2%2Ftags&post=7336"}],"curies":[{"name":"wp","href":"https:\/\/api.w.org\/{rel}","templated":true}]}}