{"id":7327,"date":"2023-07-12T10:12:19","date_gmt":"2023-07-12T14:12:19","guid":{"rendered":"https:\/\/webdealta.info\/?p=7327"},"modified":"2023-07-12T10:12:26","modified_gmt":"2023-07-12T14:12:26","slug":"entregan-primera-edicion-del-premio-de-periodismo-willian-lara","status":"publish","type":"post","link":"https:\/\/webdealta.info\/?p=7327","title":{"rendered":"Entregan primera edici\u00f3n del Premio de Periodismo Willian Lara"},"content":{"rendered":"\n<p>Sibci Gu\u00e1rico.-<\/p>\n\n\n\n<p>Durante una Sesi\u00f3n Solemne celebrada en el Consejo Legislativo fue entregada la primera edici\u00f3n del Premio Regional de Periodismo Willian Lara, otorgado por el Gobierno Bolivariano de Gu\u00e1rico en reconocimiento a la labor social que realizan los comunicadores, galard\u00f3n que ganaron 9 profesionales, quienes consignaron sus mejores trabajos, cuyo contenido fue evaluado por un jurado calificador que tom\u00f3 en cuenta el impacto social de estos contenidos generados durante el presente a\u00f1o. \u00a0<\/p>\n\n\n\n<p>En este contexto, el mandatario regional Jos\u00e9 V\u00e1squez, destac\u00f3 que hoy m\u00e1s que nunca el periodismo juega un papel fundamental e indispensable en el desarrollo de una sociedad. Por lo cual, enfatiz\u00f3, \u00abdecidimos crear esta premiaci\u00f3n para reconocer a los profesionales de la comunicaci\u00f3n, por su lucha incansable para transmitir noticias y opiniones que enriquecen al p\u00fablico. El a\u00f1o pasado consolidamos este premio en el marco legal, y gracias a Dios hoy vamos a entregar la primera edici\u00f3n\u00bb.<\/p>\n\n\n\n<p>Cabe destacar que el mencionado galard\u00f3n, lleva el ep\u00f3nimo de Willian Lara, en honor al fallecido ex gobernador de la regi\u00f3n llanera, quien fue un ejemplo de hombre revolucionario y con elevados valores morales, egresado como periodista de la Universidad Central de Venezuela (UCV), quien durante toda su carrera profesional enalteci\u00f3 y defendi\u00f3 el ejercicio del periodismo de forma \u00e9tica y responsable.<\/p>\n\n\n\n<p>Los galardones entregados fueron los siguientes: En la categor\u00eda Periodismo Informativo, menci\u00f3n: Impreso, result\u00f3 ganadora la Lcda. Cristina Colmenares, con su trabajo titulado Servicios y Soluciones de Sistemas Tecnol\u00f3gicos Alcarav\u00e1n. Por su parte, la Licda. Mariel Romero, con su trabajo Difusi\u00f3n Informativa 2.0 del D\u00eda a D\u00eda &nbsp;del Acontecer Guarique\u00f1o, obtuvo el premio en la categor\u00eda Periodismo Digital, menci\u00f3n: Redes Sociales.<\/p>\n\n\n\n<p>Asimismo, el ganador en la categor\u00eda: Periodismo, menci\u00f3n: Comunitario y Alternativo, fue el Licdo. Luis Arturo Blanco, gracias a su trabajo titulado Difusi\u00f3n de la Gesti\u00f3n del Gobierno Revolucionario en Materia de Servicios P\u00fablicos en el estado Gu\u00e1rico. Igualmente, la Licda. Daniela Rodr\u00edguez, obtuvo el galard\u00f3n en la categor\u00eda Periodismo Investigativo, menci\u00f3n Docencia e Investigaci\u00f3n, con su trabajo Fortalecimiento de los Procesos de Lectura y Escritura de los Estudiantes de Comunicaci\u00f3n Social de la Unerg<\/p>\n\n\n\n<p>De igual manera, en la categor\u00eda: Periodismo Radial, menci\u00f3n: Opini\u00f3n, el ganador&nbsp; del galard\u00f3n, fue el Licdo. V\u00edctor Hugo Donaire, gracias a su Programa Punto de Encuentro. Del mismo modo, la Licda. Militza Mu\u00f1oz, a trav\u00e9s de su trabajo Informativo Cantagu\u00e1rico, gan\u00f3 en la menci\u00f3n: Informativo; en la misma categor\u00eda y en la menci\u00f3n Interpretativo, el triunfador fue el Licdo. Rafael Tayupe, con el trabajo Micros de Producci\u00f3n Agr\u00edcola.<\/p>\n\n\n\n<p>En ese orden de ideas, en la categor\u00eda: Periodismo Audiovisual, menci\u00f3n: Interpretativo, la Licda. Mar\u00eda Vargas fue galardonada, gracias a su trabajo especial La Producci\u00f3n como Alternativa para la Superaci\u00f3n Personal e Impacto en la Sociedad. Y por \u00faltimo, la Licda. Gianmir Colaberardino, fue la ganadora en la menci\u00f3n: Informativo de la misma categor\u00eda, con el trabajo Rehabilitado Deportivo Jos\u00e9 Rodr\u00edguez S\u00e1ez.<\/p>\n\n\n\n<p><\/p>\n","protected":false},"excerpt":{"rendered":"<p>Sibci Gu\u00e1rico.- Durante una Sesi\u00f3n Solemne celebrada en el Consejo Legislativo fue entregada la primera edici\u00f3n del Premio Regional de Periodismo Willian Lara, otorgado por el Gobierno Bolivariano de Gu\u00e1rico en reconocimiento a la labor social que realizan los comunicadores, galard\u00f3n que ganaron 9 profesionales, quienes consignaron sus mejores trabajos,<\/p>\n","protected":false},"author":2,"featured_media":7328,"comment_status":"open","ping_status":"open","sticky":false,"template":"","format":"standard","meta":{"advanced_seo_description":"","jetpack_seo_html_title":"","jetpack_seo_noindex":false,"_jetpack_memberships_contains_paid_content":false,"footnotes":"","jetpack_publicize_message":"","jetpack_publicize_feature_enabled":true,"jetpack_social_post_already_shared":true,"jetpack_social_options":{"image_generator_settings":{"template":"highway","enabled":false},"version":2}},"categories":[66],"tags":[8,7,32],"class_list":["post-7327","post","type-post","status-publish","format-standard","has-post-thumbnail","hentry","category-regionales","tag-altagraciadeorituco","tag-guarico","tag-webdealta",""],"jetpack_publicize_connections":[],"jetpack_featured_media_url":"https:\/\/webdealta.info\/wp-content\/uploads\/2023\/07\/premio-regionalwebdealta.png","jetpack_sharing_enabled":true,"jetpack_likes_enabled":true,"jetpack-related-posts":[],"jetpack_shortlink":"https:\/\/wp.me\/pcseDn-1Ub","_links":{"self":[{"href":"https:\/\/webdealta.info\/index.php?rest_route=\/wp\/v2\/posts\/7327","targetHints":{"allow":["GET"]}}],"collection":[{"href":"https:\/\/webdealta.info\/index.php?rest_route=\/wp\/v2\/posts"}],"about":[{"href":"https:\/\/webdealta.info\/index.php?rest_route=\/wp\/v2\/types\/post"}],"author":[{"embeddable":true,"href":"https:\/\/webdealta.info\/index.php?rest_route=\/wp\/v2\/users\/2"}],"replies":[{"embeddable":true,"href":"https:\/\/webdealta.info\/index.php?rest_route=%2Fwp%2Fv2%2Fcomments&post=7327"}],"version-history":[{"count":1,"href":"https:\/\/webdealta.info\/index.php?rest_route=\/wp\/v2\/posts\/7327\/revisions"}],"predecessor-version":[{"id":7329,"href":"https:\/\/webdealta.info\/index.php?rest_route=\/wp\/v2\/posts\/7327\/revisions\/7329"}],"wp:featuredmedia":[{"embeddable":true,"href":"https:\/\/webdealta.info\/index.php?rest_route=\/wp\/v2\/media\/7328"}],"wp:attachment":[{"href":"https:\/\/webdealta.info\/index.php?rest_route=%2Fwp%2Fv2%2Fmedia&parent=7327"}],"wp:term":[{"taxonomy":"category","embeddable":true,"href":"https:\/\/webdealta.info\/index.php?rest_route=%2Fwp%2Fv2%2Fcategories&post=7327"},{"taxonomy":"post_tag","embeddable":true,"href":"https:\/\/webdealta.info\/index.php?rest_route=%2Fwp%2Fv2%2Ftags&post=7327"}],"curies":[{"name":"wp","href":"https:\/\/api.w.org\/{rel}","templated":true}]}}