{"id":7310,"date":"2023-07-06T22:06:52","date_gmt":"2023-07-07T02:06:52","guid":{"rendered":"https:\/\/webdealta.info\/?p=7310"},"modified":"2023-07-06T22:06:53","modified_gmt":"2023-07-07T02:06:53","slug":"junio-se-despidio-con-lluvias-por-debajo-del-promedio","status":"publish","type":"post","link":"https:\/\/webdealta.info\/?p=7310","title":{"rendered":"Junio se despidi\u00f3 con lluvias por debajo del promedio"},"content":{"rendered":"\n<p>Amanda Saldivia.-<\/p>\n\n\n\n<p>De los 30 d\u00edas del mes de junio, 17 fueron de lluvias calificadas como moderadas, fuertes y d\u00e9biles, ya que la mayor\u00eda no super\u00f3 los 60.0 mm en 24 horas, aunque hubo dos eventos con m\u00e1s de 30,0 mm, para un total de registro de precipitaciones de 186,9 mm, lo que no supera el promedio de la zona, el cual es de 214,9 mm.<\/p>\n\n\n\n<p>El an\u00e1lisis fue presentado por Javier \u00c1lvarez, t\u00e9cnico en Hidrograf\u00eda y Meteorolog\u00eda, con los datos de la estaci\u00f3n Altagracia &#8211; Apasygua, ubicada en las coordenadas: Latitud: 09\u00b0 50\u00b4 28\u00b4\u00b4 N Longitud: 66\u00b0 23\u00b444\u00b4\u00b4 W Altura: 350 m.s.n.m., la cual es propiedad del estado venezolano, administrada por el Instituto Nacional de Meteorolog\u00eda e Hidrolog\u00eda (INAMEH), en conjunto con la mencionada Asociaci\u00f3n de Productores de Altagracia de Orituco, Gu\u00e1rico. \u00a0\u00a0<\/p>\n\n\n\n<p>\u201cCon los datos analizados podemos concluir que para el mes de junio del a\u00f1o 2023, el comportamiento clim\u00e1tico fue suficientemente favorable en la parroquia Altagracia de Orituco y zonas adyacentes, ya que durante el mismo fueron mejorando las condiciones en cuanto se refiere a temperatura, humedad y precipitaci\u00f3n, es decir que hubo estabilidad en la relaci\u00f3n humedad y temperatura; las lluvias aunque algunas fueron copiosas no representaron riesgos a las personas y sus bienes\u201d, apunt\u00f3 \u00c1lvarez, al presentar el resumen para la publicaci\u00f3n en la Web de Altagracia.<\/p>\n\n\n\n<p>Aunque precis\u00f3 que no hubo un exceso de precipitaciones, considera importante tomar en cuenta que los suelos est\u00e1n h\u00famedos y con cierto grado de saturaci\u00f3n, \u201ces decir que no se debe bajar la guardia preventiva, ya que entramos a uno de los meses de mayor precipitaci\u00f3n\u201d, en esta regi\u00f3n del estado Gu\u00e1rico.<\/p>\n\n\n\n<p>En el Resumen Hidroclim\u00e1tico, Javier \u00c1lvarez incluy\u00f3 la humedad relativa, la cual indica que fue \u201cajustada, porque el promedio de la zona es de 78% y el obtenido durante el mes fue de 68%; con m\u00e1xima de 93% y m\u00ednima de 40%, en d\u00edas puntuales\u00bb.<\/p>\n\n\n\n<p>Como en oportunidades anteriores, insisti\u00f3 en que \u201clos expertos en clima alertan que el cambio clim\u00e1tico no es un juego, se espera que el aumento de temperatura ponga en peligro la estabilidad del clima en raz\u00f3n a la evaporaci\u00f3n y a las precipitaciones, por lo que los gobiernos locales cada d\u00eda deben estar m\u00e1s alertas en no permitir construcciones en zonas vulnerables, as\u00ed pudi\u00e9ramos evitar muchos problemas\u201d.<\/p>\n\n\n\n<p>Sobre la temperatura, dijo que se evidenci\u00f3 aumento en los promedios hasta m\u00e1s de 2,5 \u00b0C, lo que cree es muestra de la incidencia de estos cambios globales que tambi\u00e9n localmente.<\/p>\n\n\n\n<p>Referente a las ondas tropicales, se\u00f1al\u00f3 que ya es \u201cp\u00fablico las alertas del Instituto Nacional de Meteorolog\u00eda e Hidrolog\u00eda, para junio no fuimos afectado en el municipio y espec\u00edficamente en la parroquia, pero el riesgo es latente y hay que estar atentos a los boletines y a los eventos que nos pudieran afectar\u201d.<\/p>\n\n\n\n<p>Por \u00faltimo, manifest\u00f3 que el Resumen Climatol\u00f3gico que se desprende de la estaci\u00f3n Altagracia \u2013 Apasygua es con el \u201cobjetivo de que los pobladores puedan ir comprendiendo y conociendo las variaciones clim\u00e1ticas en cada mes del a\u00f1o, de esta misma forma queremos contribuir en el an\u00e1lisis de estos factores para que sirva de gu\u00eda a los medianos y peque\u00f1os productores en la&nbsp; comprensi\u00f3n de aspectos del clima y que por diversas razones inciden en las cosechas bien sea de secano o de riego por los diferentes m\u00e9todos existentes\u201d.<\/p>\n\n\n\n<p>@amandasaldivia   <\/p>\n\n\n\n<p><\/p>\n","protected":false},"excerpt":{"rendered":"<p>Amanda Saldivia.- De los 30 d\u00edas del mes de junio, 17 fueron de lluvias calificadas como moderadas, fuertes y d\u00e9biles, ya que la mayor\u00eda no super\u00f3 los 60.0 mm en 24 horas, aunque hubo dos eventos con m\u00e1s de 30,0 mm, para un total de registro de precipitaciones de 186,9<\/p>\n","protected":false},"author":2,"featured_media":7311,"comment_status":"open","ping_status":"open","sticky":false,"template":"","format":"standard","meta":{"advanced_seo_description":"","jetpack_seo_html_title":"","jetpack_seo_noindex":false,"_jetpack_memberships_contains_paid_content":false,"footnotes":"","jetpack_publicize_message":"","jetpack_publicize_feature_enabled":true,"jetpack_social_post_already_shared":true,"jetpack_social_options":{"image_generator_settings":{"template":"highway","enabled":false},"version":2}},"categories":[316],"tags":[8,7,32],"class_list":["post-7310","post","type-post","status-publish","format-standard","has-post-thumbnail","hentry","category-clima","tag-altagraciadeorituco","tag-guarico","tag-webdealta",""],"jetpack_publicize_connections":[],"jetpack_featured_media_url":"https:\/\/webdealta.info\/wp-content\/uploads\/2023\/07\/valle-gracitano-webdealta-altagracia-de-orituco.png","jetpack_sharing_enabled":true,"jetpack_likes_enabled":true,"jetpack-related-posts":[],"jetpack_shortlink":"https:\/\/wp.me\/pcseDn-1TU","_links":{"self":[{"href":"https:\/\/webdealta.info\/index.php?rest_route=\/wp\/v2\/posts\/7310","targetHints":{"allow":["GET"]}}],"collection":[{"href":"https:\/\/webdealta.info\/index.php?rest_route=\/wp\/v2\/posts"}],"about":[{"href":"https:\/\/webdealta.info\/index.php?rest_route=\/wp\/v2\/types\/post"}],"author":[{"embeddable":true,"href":"https:\/\/webdealta.info\/index.php?rest_route=\/wp\/v2\/users\/2"}],"replies":[{"embeddable":true,"href":"https:\/\/webdealta.info\/index.php?rest_route=%2Fwp%2Fv2%2Fcomments&post=7310"}],"version-history":[{"count":1,"href":"https:\/\/webdealta.info\/index.php?rest_route=\/wp\/v2\/posts\/7310\/revisions"}],"predecessor-version":[{"id":7312,"href":"https:\/\/webdealta.info\/index.php?rest_route=\/wp\/v2\/posts\/7310\/revisions\/7312"}],"wp:featuredmedia":[{"embeddable":true,"href":"https:\/\/webdealta.info\/index.php?rest_route=\/wp\/v2\/media\/7311"}],"wp:attachment":[{"href":"https:\/\/webdealta.info\/index.php?rest_route=%2Fwp%2Fv2%2Fmedia&parent=7310"}],"wp:term":[{"taxonomy":"category","embeddable":true,"href":"https:\/\/webdealta.info\/index.php?rest_route=%2Fwp%2Fv2%2Fcategories&post=7310"},{"taxonomy":"post_tag","embeddable":true,"href":"https:\/\/webdealta.info\/index.php?rest_route=%2Fwp%2Fv2%2Ftags&post=7310"}],"curies":[{"name":"wp","href":"https:\/\/api.w.org\/{rel}","templated":true}]}}