{"id":7302,"date":"2023-07-05T21:43:06","date_gmt":"2023-07-06T01:43:06","guid":{"rendered":"https:\/\/webdealta.info\/?p=7302"},"modified":"2023-07-05T21:43:08","modified_gmt":"2023-07-06T01:43:08","slug":"orituco-conmemoro-212-anos-de-la-firma-del-acta-de-la-independencia","status":"publish","type":"post","link":"https:\/\/webdealta.info\/?p=7302","title":{"rendered":"Orituco conmemor\u00f3 212 a\u00f1os de la Firma del Acta de la Independencia"},"content":{"rendered":"\n<p>Prensa alcald\u00eda.-<\/p>\n\n\n\n<p>Con motivo de la celebraci\u00f3n de los 212 a\u00f1os de la firma del acta de la declaraci\u00f3n de independencia de Venezuela, autoridades civiles y militares se reunieron en las instalaciones de la plaza Bol\u00edvar de Altagracia de Orituco, para rendir honores al Padre de la Patria.<\/p>\n\n\n\n<p>En un ambiente lleno de patriotismo y fervor c\u00edvico, los asistentes se congregaron para honrar a los h\u00e9roes que lucharon por la independencia de nuestra Patria. El alcalde Pedro Sol\u00f3rzano, junto con autoridades locales, encabez\u00f3 la ceremonia, destacando la importancia de este hist\u00f3rico momento para la identidad venezolana.<\/p>\n\n\n\n<p>La actividad estuvo a cargo del teniente del destacamento de Comandos Rurales 34- 2 Gustavo Hidalgo S\u00e1nchez, el cual estuvo acompa\u00f1ado del gabinete de gobierno municipal, representantes de distintas instituciones y concejales.<\/p>\n\n\n\n<p>Uno de los momentos m\u00e1s destacados de la celebraci\u00f3n fue la ofrenda floral realizada al Padre de la Patria, Sim\u00f3n Bol\u00edvar, en reconocimiento a su legado y sacrificio en la lucha por la emancipaci\u00f3n.<\/p>\n\n\n\n<p>El alcalde Pedro Sol\u00f3rzano junto a dem\u00e1s autoridades colocaron una ofrenda de flores a los pies del monumento que honra su memoria, en un gesto simb\u00f3lico de homenaje y agradecimiento. De igual forma, la ocasi\u00f3n sirvi\u00f3 para llevar a cabo el acto de ascenso del personal de la Milicia Bolivariana, perteneciente al ADI 355 Tamanaco, quienes fueron promovidos de Cabo Primero a Sargento Segundo. <\/p>\n\n\n\n<p>Durante el acto conmemorativo, se llevaron a cabo muestras teatrales referentes a la importante fecha celebrada, por parte de las escuelas, Jos\u00e9 Tadeo Monagas y Dr. Rub\u00e9n Hurtado Rodr\u00edguez. <\/p>\n\n\n\n<p>Foto cortes\u00eda prensa alcald\u00eda<\/p>\n\n\n\n<p><\/p>\n","protected":false},"excerpt":{"rendered":"<p>Prensa alcald\u00eda.- Con motivo de la celebraci\u00f3n de los 212 a\u00f1os de la firma del acta de la declaraci\u00f3n de independencia de Venezuela, autoridades civiles y militares se reunieron en las instalaciones de la plaza Bol\u00edvar de Altagracia de Orituco, para rendir honores al Padre de la Patria. En un<\/p>\n","protected":false},"author":2,"featured_media":7303,"comment_status":"open","ping_status":"open","sticky":false,"template":"","format":"standard","meta":{"advanced_seo_description":"","jetpack_seo_html_title":"","jetpack_seo_noindex":false,"_jetpack_memberships_contains_paid_content":false,"footnotes":"","jetpack_publicize_message":"","jetpack_publicize_feature_enabled":true,"jetpack_social_post_already_shared":true,"jetpack_social_options":{"image_generator_settings":{"template":"highway","enabled":false},"version":2}},"categories":[323,335,251],"tags":[8,7,32],"class_list":["post-7302","post","type-post","status-publish","format-standard","has-post-thumbnail","hentry","category-efemerides","category-locales","category-webdealta","tag-altagraciadeorituco","tag-guarico","tag-webdealta",""],"jetpack_publicize_connections":[],"jetpack_featured_media_url":"https:\/\/webdealta.info\/wp-content\/uploads\/2023\/07\/cin-de-julio-webdealta.png","jetpack_sharing_enabled":true,"jetpack_likes_enabled":true,"jetpack-related-posts":[],"jetpack_shortlink":"https:\/\/wp.me\/pcseDn-1TM","_links":{"self":[{"href":"https:\/\/webdealta.info\/index.php?rest_route=\/wp\/v2\/posts\/7302","targetHints":{"allow":["GET"]}}],"collection":[{"href":"https:\/\/webdealta.info\/index.php?rest_route=\/wp\/v2\/posts"}],"about":[{"href":"https:\/\/webdealta.info\/index.php?rest_route=\/wp\/v2\/types\/post"}],"author":[{"embeddable":true,"href":"https:\/\/webdealta.info\/index.php?rest_route=\/wp\/v2\/users\/2"}],"replies":[{"embeddable":true,"href":"https:\/\/webdealta.info\/index.php?rest_route=%2Fwp%2Fv2%2Fcomments&post=7302"}],"version-history":[{"count":1,"href":"https:\/\/webdealta.info\/index.php?rest_route=\/wp\/v2\/posts\/7302\/revisions"}],"predecessor-version":[{"id":7304,"href":"https:\/\/webdealta.info\/index.php?rest_route=\/wp\/v2\/posts\/7302\/revisions\/7304"}],"wp:featuredmedia":[{"embeddable":true,"href":"https:\/\/webdealta.info\/index.php?rest_route=\/wp\/v2\/media\/7303"}],"wp:attachment":[{"href":"https:\/\/webdealta.info\/index.php?rest_route=%2Fwp%2Fv2%2Fmedia&parent=7302"}],"wp:term":[{"taxonomy":"category","embeddable":true,"href":"https:\/\/webdealta.info\/index.php?rest_route=%2Fwp%2Fv2%2Fcategories&post=7302"},{"taxonomy":"post_tag","embeddable":true,"href":"https:\/\/webdealta.info\/index.php?rest_route=%2Fwp%2Fv2%2Ftags&post=7302"}],"curies":[{"name":"wp","href":"https:\/\/api.w.org\/{rel}","templated":true}]}}