{"id":7298,"date":"2023-07-05T21:36:22","date_gmt":"2023-07-06T01:36:22","guid":{"rendered":"https:\/\/webdealta.info\/?p=7298"},"modified":"2023-07-05T21:36:24","modified_gmt":"2023-07-06T01:36:24","slug":"siete-horas-sin-electricidad-por-falla-en-subestacion-altagracia","status":"publish","type":"post","link":"https:\/\/webdealta.info\/?p=7298","title":{"rendered":"Siete horas sin electricidad por falla en subestaci\u00f3n Altagracia"},"content":{"rendered":"\n<p>Amanda Saldivia.-<\/p>\n\n\n\n<p>M\u00e1s de siete horas sin energ\u00eda el\u00e9ctrica estuvo Altagracia de Orituco y otras parroquias del municipio Jos\u00e9 Tadeo Monagas, que dependen de la subestaci\u00f3n de Corpoelec, debido a una falla que se present\u00f3 en la ma\u00f1ana de este mi\u00e9rcoles cinco de julio.<\/p>\n\n\n\n<p>De acuerdo a la informaci\u00f3n a la cual tuvo acceso la Web de Altagracia, el problema se gener\u00f3 en un aislador, raz\u00f3n por la cual fue necesaria la presencia de personal de la Gerencia de Transmisiones, quienes se trasladaron desde la poblaci\u00f3n de El Sombrero a solventar la aver\u00eda, con el apoyo de los t\u00e9cnicos locales.<\/p>\n\n\n\n<p>Es importante precisar, que pasada las ocho de la ma\u00f1ana de este mi\u00e9rcoles se presentaron fallas que dejaron sin energ\u00eda a varios circuitos el\u00e9ctricos, pero estas fueron solventadas, hasta que aproximadamente a las 10:40 am qued\u00f3 fuera de servicio toda la subestaci\u00f3n. <\/p>\n\n\n\n<p> La energ\u00eda el\u00e9ctrica fue restablecida pasada las 6:00 pm.<\/p>\n\n\n\n<p>@amandasaldivia<\/p>\n\n\n\n<p><\/p>\n","protected":false},"excerpt":{"rendered":"<p>Amanda Saldivia.- M\u00e1s de siete horas sin energ\u00eda el\u00e9ctrica estuvo Altagracia de Orituco y otras parroquias del municipio Jos\u00e9 Tadeo Monagas, que dependen de la subestaci\u00f3n de Corpoelec, debido a una falla que se present\u00f3 en la ma\u00f1ana de este mi\u00e9rcoles cinco de julio. De acuerdo a la informaci\u00f3n a<\/p>\n","protected":false},"author":2,"featured_media":7299,"comment_status":"open","ping_status":"open","sticky":false,"template":"","format":"standard","meta":{"advanced_seo_description":"","jetpack_seo_html_title":"","jetpack_seo_noindex":false,"_jetpack_memberships_contains_paid_content":false,"footnotes":"","jetpack_publicize_message":"","jetpack_publicize_feature_enabled":true,"jetpack_social_post_already_shared":true,"jetpack_social_options":{"image_generator_settings":{"template":"highway","enabled":false},"version":2}},"categories":[122,268,251],"tags":[8,7,32],"class_list":["post-7298","post","type-post","status-publish","format-standard","has-post-thumbnail","hentry","category-electricidad","category-servicios-publicos","category-webdealta","tag-altagraciadeorituco","tag-guarico","tag-webdealta",""],"jetpack_publicize_connections":[],"jetpack_featured_media_url":"https:\/\/webdealta.info\/wp-content\/uploads\/2023\/07\/webdealta-subestacion-6-de-julio.png","jetpack_sharing_enabled":true,"jetpack_likes_enabled":true,"jetpack-related-posts":[],"jetpack_shortlink":"https:\/\/wp.me\/pcseDn-1TI","_links":{"self":[{"href":"https:\/\/webdealta.info\/index.php?rest_route=\/wp\/v2\/posts\/7298","targetHints":{"allow":["GET"]}}],"collection":[{"href":"https:\/\/webdealta.info\/index.php?rest_route=\/wp\/v2\/posts"}],"about":[{"href":"https:\/\/webdealta.info\/index.php?rest_route=\/wp\/v2\/types\/post"}],"author":[{"embeddable":true,"href":"https:\/\/webdealta.info\/index.php?rest_route=\/wp\/v2\/users\/2"}],"replies":[{"embeddable":true,"href":"https:\/\/webdealta.info\/index.php?rest_route=%2Fwp%2Fv2%2Fcomments&post=7298"}],"version-history":[{"count":1,"href":"https:\/\/webdealta.info\/index.php?rest_route=\/wp\/v2\/posts\/7298\/revisions"}],"predecessor-version":[{"id":7300,"href":"https:\/\/webdealta.info\/index.php?rest_route=\/wp\/v2\/posts\/7298\/revisions\/7300"}],"wp:featuredmedia":[{"embeddable":true,"href":"https:\/\/webdealta.info\/index.php?rest_route=\/wp\/v2\/media\/7299"}],"wp:attachment":[{"href":"https:\/\/webdealta.info\/index.php?rest_route=%2Fwp%2Fv2%2Fmedia&parent=7298"}],"wp:term":[{"taxonomy":"category","embeddable":true,"href":"https:\/\/webdealta.info\/index.php?rest_route=%2Fwp%2Fv2%2Fcategories&post=7298"},{"taxonomy":"post_tag","embeddable":true,"href":"https:\/\/webdealta.info\/index.php?rest_route=%2Fwp%2Fv2%2Ftags&post=7298"}],"curies":[{"name":"wp","href":"https:\/\/api.w.org\/{rel}","templated":true}]}}