{"id":7293,"date":"2023-07-03T23:05:21","date_gmt":"2023-07-04T03:05:21","guid":{"rendered":"https:\/\/webdealta.info\/?p=7293"},"modified":"2023-07-03T23:05:23","modified_gmt":"2023-07-04T03:05:23","slug":"tres-nucleos-del-sistema-de-orquestas-se-reunieron-en-guaribe","status":"publish","type":"post","link":"https:\/\/webdealta.info\/?p=7293","title":{"rendered":"Tres n\u00facleos del Sistema de Orquestas se reunieron en Guaribe"},"content":{"rendered":"\n<p>Ver\u00f3nica Armas.-<\/p>\n\n\n\n<p>Una vez m\u00e1s, el lenguaje universal de la m\u00fasica, se encarg\u00f3 de brindar un compartir de conocimientos a ni\u00f1os y j\u00f3venes talentos del Sistema de Orquesta que forman vida en n\u00facleos de San Jos\u00e9 de Guaribe, Macaira y Altagracia; todos provenientes de la regi\u00f3n guarique\u00f1a; a trav\u00e9s del Programa \u201cAlma Llanera\u201d.<\/p>\n\n\n\n<p>Guaribe, como municipio anfitri\u00f3n recibi\u00f3 a las dem\u00e1s delegaciones visitantes en su sede del Espacio Cultural Comunitario, las cuales tambi\u00e9n ven\u00edan acompa\u00f1adas de grandes maestros; con la finalidad de consolidar una orquesta integrada por estos tres n\u00facleos, para as\u00ed seguir fortaleciendo el desarrollo musical de cada estudiante.<\/p>\n\n\n\n<p>En dicha actividad, se realizaron trabajos tipo seminario, en donde se presenciaron clases individuales, talleres por secci\u00f3n y ensayos generales con su respectiva muestra musical para escuchar y reconocer el trabajo art\u00edstico que se estuvo logrando, con 70 ni\u00f1os y j\u00f3venes que hacen m\u00fasica venezolana.<\/p>\n\n\n\n<p>\u201cHay que tener en cuenta, que nosotros utilizamos la m\u00fasica como herramienta fundamental para la transformaci\u00f3n del ciudadano, y a la vez, la transformaci\u00f3n social, pues se pone en pr\u00e1ctica la integraci\u00f3n, la disciplina y el trabajo en equipo para una meta com\u00fan\u201d se\u00f1al\u00f3 David Silva director del N\u00facleo Guaribe y organizador de tal encuentro.<\/p>\n\n\n\n<p>Asimismo, Silva tambi\u00e9n destac\u00f3 la grata visita del maestro del cuatro Jes\u00fas Isidro Landaeta, joven talentoso producto del Sistema Nacional de Orquesta, formado dentro del Programa Alma Llanera y reconocido en todo el pa\u00eds y fuera de \u00e9l por su virtuosismo con el cuatro.<\/p>\n\n\n\n<p>Fotograf\u00edas Ver\u00f3nica Armas  <\/p>\n\n\n\n<p><\/p>\n","protected":false},"excerpt":{"rendered":"<p>Ver\u00f3nica Armas.- Una vez m\u00e1s, el lenguaje universal de la m\u00fasica, se encarg\u00f3 de brindar un compartir de conocimientos a ni\u00f1os y j\u00f3venes talentos del Sistema de Orquesta que forman vida en n\u00facleos de San Jos\u00e9 de Guaribe, Macaira y Altagracia; todos provenientes de la regi\u00f3n guarique\u00f1a; a trav\u00e9s del<\/p>\n","protected":false},"author":2,"featured_media":7294,"comment_status":"open","ping_status":"open","sticky":false,"template":"","format":"standard","meta":{"advanced_seo_description":"","jetpack_seo_html_title":"","jetpack_seo_noindex":false,"_jetpack_memberships_contains_paid_content":false,"footnotes":"","jetpack_publicize_message":"","jetpack_publicize_feature_enabled":true,"jetpack_social_post_already_shared":true,"jetpack_social_options":{"image_generator_settings":{"template":"highway","enabled":false},"version":2}},"categories":[319,251],"tags":[8,7,32],"class_list":["post-7293","post","type-post","status-publish","format-standard","has-post-thumbnail","hentry","category-san-jose-de-guaribe","category-webdealta","tag-altagraciadeorituco","tag-guarico","tag-webdealta",""],"jetpack_publicize_connections":[],"jetpack_featured_media_url":"https:\/\/webdealta.info\/wp-content\/uploads\/2023\/07\/tres-nucleso-de-el-sistema-webdealta.png","jetpack_sharing_enabled":true,"jetpack_likes_enabled":true,"jetpack-related-posts":[],"jetpack_shortlink":"https:\/\/wp.me\/pcseDn-1TD","_links":{"self":[{"href":"https:\/\/webdealta.info\/index.php?rest_route=\/wp\/v2\/posts\/7293","targetHints":{"allow":["GET"]}}],"collection":[{"href":"https:\/\/webdealta.info\/index.php?rest_route=\/wp\/v2\/posts"}],"about":[{"href":"https:\/\/webdealta.info\/index.php?rest_route=\/wp\/v2\/types\/post"}],"author":[{"embeddable":true,"href":"https:\/\/webdealta.info\/index.php?rest_route=\/wp\/v2\/users\/2"}],"replies":[{"embeddable":true,"href":"https:\/\/webdealta.info\/index.php?rest_route=%2Fwp%2Fv2%2Fcomments&post=7293"}],"version-history":[{"count":1,"href":"https:\/\/webdealta.info\/index.php?rest_route=\/wp\/v2\/posts\/7293\/revisions"}],"predecessor-version":[{"id":7295,"href":"https:\/\/webdealta.info\/index.php?rest_route=\/wp\/v2\/posts\/7293\/revisions\/7295"}],"wp:featuredmedia":[{"embeddable":true,"href":"https:\/\/webdealta.info\/index.php?rest_route=\/wp\/v2\/media\/7294"}],"wp:attachment":[{"href":"https:\/\/webdealta.info\/index.php?rest_route=%2Fwp%2Fv2%2Fmedia&parent=7293"}],"wp:term":[{"taxonomy":"category","embeddable":true,"href":"https:\/\/webdealta.info\/index.php?rest_route=%2Fwp%2Fv2%2Fcategories&post=7293"},{"taxonomy":"post_tag","embeddable":true,"href":"https:\/\/webdealta.info\/index.php?rest_route=%2Fwp%2Fv2%2Ftags&post=7293"}],"curies":[{"name":"wp","href":"https:\/\/api.w.org\/{rel}","templated":true}]}}