{"id":7289,"date":"2023-07-03T22:48:38","date_gmt":"2023-07-04T02:48:38","guid":{"rendered":"https:\/\/webdealta.info\/?p=7289"},"modified":"2023-07-03T22:48:39","modified_gmt":"2023-07-04T02:48:39","slug":"cronistas-escolares-compartieron-historias-del-orituco","status":"publish","type":"post","link":"https:\/\/webdealta.info\/?p=7289","title":{"rendered":"Cronistas Escolares compartieron historias del Orituco"},"content":{"rendered":"\n<p>Amanda Saldivia.-<\/p>\n\n\n\n<p>Historia local y personajes del Orituco fueron parte de los temas abordados en el IX Encuentro Territorial del Cronista Escolar, celebrado este lunes tres de julio en la Escuela B\u00e1sica Los Guaiquer\u00edes de Altagracia de Orituco, actividad organizada por el Centro de Desarrollo de la Calidad Educativa Monagas, bajo la supervisi\u00f3n de la Dra. Susana Sayegh.<\/p>\n\n\n\n<p>La profesora Karina Loreto, coordinadora de Centro de Recursos para el Aprendizaje, se\u00f1al\u00f3 que \u201cen esta oportunidad se le hizo reconocimiento al Dr. Pedro Mar\u00eda Ar\u00e9valo como parte de la historia de nuestro municipio Monagas, as\u00ed como tambi\u00e9n otros temas de inter\u00e9s, tales como origen de El Chala, la Cruz de Pe\u00f1a de Mota y la hacienda La Elvira.<\/p>\n\n\n\n<p>Mencion\u00f3 de manera especial la presentaci\u00f3n donde se resalt\u00f3 la vida y aportes a la educaci\u00f3n de la maestra Marcia Pedriquez, la antolog\u00eda de la vivienda de la familia Repillosa Ram\u00edrez, el camino hist\u00f3rico del sector Andr\u00e9s Bello y los Morros de Macaira.<\/p>\n\n\n\n<p>El encuentro de los Cronistas Escolares son parte de las actividades de cierre del a\u00f1o 2022-2023.<\/p>\n\n\n\n<p>@amandasaldivia<\/p>\n\n\n\n<p><\/p>\n","protected":false},"excerpt":{"rendered":"<p>Amanda Saldivia.- Historia local y personajes del Orituco fueron parte de los temas abordados en el IX Encuentro Territorial del Cronista Escolar, celebrado este lunes tres de julio en la Escuela B\u00e1sica Los Guaiquer\u00edes de Altagracia de Orituco, actividad organizada por el Centro de Desarrollo de la Calidad Educativa Monagas,<\/p>\n","protected":false},"author":2,"featured_media":7290,"comment_status":"open","ping_status":"open","sticky":false,"template":"","format":"standard","meta":{"advanced_seo_description":"","jetpack_seo_html_title":"","jetpack_seo_noindex":false,"_jetpack_memberships_contains_paid_content":false,"footnotes":"","jetpack_publicize_message":"","jetpack_publicize_feature_enabled":true,"jetpack_social_post_already_shared":true,"jetpack_social_options":{"image_generator_settings":{"template":"highway","enabled":false},"version":2}},"categories":[151,251],"tags":[8,7,32],"class_list":["post-7289","post","type-post","status-publish","format-standard","has-post-thumbnail","hentry","category-educacion","category-webdealta","tag-altagraciadeorituco","tag-guarico","tag-webdealta",""],"jetpack_publicize_connections":[],"jetpack_featured_media_url":"https:\/\/webdealta.info\/wp-content\/uploads\/2023\/07\/cronistras-webdealta.png","jetpack_sharing_enabled":true,"jetpack_likes_enabled":true,"jetpack-related-posts":[],"jetpack_shortlink":"https:\/\/wp.me\/pcseDn-1Tz","_links":{"self":[{"href":"https:\/\/webdealta.info\/index.php?rest_route=\/wp\/v2\/posts\/7289","targetHints":{"allow":["GET"]}}],"collection":[{"href":"https:\/\/webdealta.info\/index.php?rest_route=\/wp\/v2\/posts"}],"about":[{"href":"https:\/\/webdealta.info\/index.php?rest_route=\/wp\/v2\/types\/post"}],"author":[{"embeddable":true,"href":"https:\/\/webdealta.info\/index.php?rest_route=\/wp\/v2\/users\/2"}],"replies":[{"embeddable":true,"href":"https:\/\/webdealta.info\/index.php?rest_route=%2Fwp%2Fv2%2Fcomments&post=7289"}],"version-history":[{"count":1,"href":"https:\/\/webdealta.info\/index.php?rest_route=\/wp\/v2\/posts\/7289\/revisions"}],"predecessor-version":[{"id":7291,"href":"https:\/\/webdealta.info\/index.php?rest_route=\/wp\/v2\/posts\/7289\/revisions\/7291"}],"wp:featuredmedia":[{"embeddable":true,"href":"https:\/\/webdealta.info\/index.php?rest_route=\/wp\/v2\/media\/7290"}],"wp:attachment":[{"href":"https:\/\/webdealta.info\/index.php?rest_route=%2Fwp%2Fv2%2Fmedia&parent=7289"}],"wp:term":[{"taxonomy":"category","embeddable":true,"href":"https:\/\/webdealta.info\/index.php?rest_route=%2Fwp%2Fv2%2Fcategories&post=7289"},{"taxonomy":"post_tag","embeddable":true,"href":"https:\/\/webdealta.info\/index.php?rest_route=%2Fwp%2Fv2%2Ftags&post=7289"}],"curies":[{"name":"wp","href":"https:\/\/api.w.org\/{rel}","templated":true}]}}