{"id":7285,"date":"2023-07-03T22:21:28","date_gmt":"2023-07-04T02:21:28","guid":{"rendered":"https:\/\/webdealta.info\/?p=7285"},"modified":"2023-07-03T22:21:29","modified_gmt":"2023-07-04T02:21:29","slug":"gabinete-regional-planifica-y-evalua-agenda-de-accion","status":"publish","type":"post","link":"https:\/\/webdealta.info\/?p=7285","title":{"rendered":"Gabinete regional planifica y eval\u00faa agenda de acci\u00f3n"},"content":{"rendered":"\n<p>Sibci-Gu\u00e1rico.-<\/p>\n\n\n\n<p>Para lograr un equilibrio entre el progreso social, econ\u00f3mico y pol\u00edtico en el estado Gu\u00e1rico, las autoridades regionales han dise\u00f1ado distintas estrategias que ponen en pr\u00e1ctica en los 15 municipios de la entidad llanera, a fin de beneficiar de manera integral a la poblaci\u00f3n desde las distintas \u00e1reas de trabajo.<\/p>\n\n\n\n<p>En este sentido, la semana de trabajo para el Gabinete Regional comenz\u00f3 con una reuni\u00f3n para planificar y evaluar la agenda concreta de acci\u00f3n, resaltando la importancia del trabajo en equipo.<\/p>\n\n\n\n<p><strong>Progreso social<\/strong><\/p>\n\n\n\n<p>Por este lado, el l\u00edder regional, visit\u00f3 el municipio Leonardo Infante, espec\u00edficamente la parroquia Valle de la Pascua, para aprobar el iniciar los trabajos de la Sala de Rehabilitaci\u00f3n Integral Padre Chac\u00edn, as\u00ed como del Consultorio M\u00e9dico Popular Jos\u00e9 Mar\u00eda Vargas. Asimismo, se suma el CMP del sector de La Morera en el municipio Roscio Nieves, a fin de continuar dejando en \u00f3ptimas condiciones dichos centros de salud.<\/p>\n\n\n\n<p>Adem\u00e1s, el estado Gu\u00e1rico recibi\u00f3 la visita de la ministra del Poder Popular para la Salud, Magaly Guti\u00e9rrez Vi\u00f1a, donde aprovech\u00f3 para realizar la entrega de ayudas t\u00e9cnicas solicitadas a trav\u00e9s del 1&#215;10 del Buen Gobierno, asimismo tambi\u00e9n se reuni\u00f3 con los trabajadores del sector salud, as\u00ed como tambi\u00e9n los integrantes de los Comit\u00e9 de Salud por parte del Poder Popular.<\/p>\n\n\n\n<p>Por otra parte, se realiz\u00f3 la emisi\u00f3n&nbsp;<a href=\"https:\/\/www.instagram.com\/explore\/tags\/201\/\">201<\/a>&nbsp;de su programa semanal \u201cEn Directo con el Gobernador\u201d desde el Hotel &amp; Spa Aguas Termales, donde comenz\u00f3 una nueva etapa de rehabilitaci\u00f3n y embellecimiento, para seguir impulsando el turismo en la entidad llanera, adem\u00e1s se hizo entrega de los premios a las Reinas de las Ferias Morros 2023.<\/p>\n\n\n\n<p>De la misma manera, se realiz\u00f3 la Superliga de B\u00e1squet 3&#215;3 U-17 Masculino, desde la Ciudad Ol\u00edmpica de San Juan de los Morros con la participaci\u00f3n de 16 estados del pa\u00eds y m\u00e1s de 70 atletas.<\/p>\n\n\n\n<p><strong>Progreso econ\u00f3mico<\/strong><\/p>\n\n\n\n<p>Dentro del \u00e1rea econ\u00f3mica, se realiz\u00f3 la cuarta entrega del Plan Campesino Comunero 2023 en Valle de la Pascua, donde recibieron financiamiento 12 movimientos campesinos y 11 consejos comunales. Adem\u00e1s, se entregaron 247 nuevos cr\u00e9ditos a emprendedores guarique\u00f1os, en equipo con la banca p\u00fablica nacional.<\/p>\n\n\n\n<p><strong>Progreso pol\u00edtico<\/strong><\/p>\n\n\n\n<p>En el contexto pol\u00edtico, V\u00e1squez como l\u00edder pol\u00edtico regional, se reuni\u00f3 con el Equipo Pol\u00edtico del Partido Socialista Unido de Venezuela (PSUV) del municipio Leonardo Infante, a fin de establecer lineamientos claros como lo son \u201corganizar, unir y sumar para triunfar\u201d.<\/p>\n\n\n\n<p><\/p>\n","protected":false},"excerpt":{"rendered":"<p>Sibci-Gu\u00e1rico.- Para lograr un equilibrio entre el progreso social, econ\u00f3mico y pol\u00edtico en el estado Gu\u00e1rico, las autoridades regionales han dise\u00f1ado distintas estrategias que ponen en pr\u00e1ctica en los 15 municipios de la entidad llanera, a fin de beneficiar de manera integral a la poblaci\u00f3n desde las distintas \u00e1reas de<\/p>\n","protected":false},"author":2,"featured_media":7286,"comment_status":"open","ping_status":"open","sticky":false,"template":"","format":"standard","meta":{"advanced_seo_description":"","jetpack_seo_html_title":"","jetpack_seo_noindex":false,"_jetpack_memberships_contains_paid_content":false,"footnotes":"","jetpack_publicize_message":"","jetpack_publicize_feature_enabled":true,"jetpack_social_post_already_shared":true,"jetpack_social_options":{"image_generator_settings":{"template":"highway","enabled":false},"version":2}},"categories":[284,251],"tags":[8,7,32],"class_list":["post-7285","post","type-post","status-publish","format-standard","has-post-thumbnail","hentry","category-gobierno-de-guarico","category-webdealta","tag-altagraciadeorituco","tag-guarico","tag-webdealta",""],"jetpack_publicize_connections":[],"jetpack_featured_media_url":"https:\/\/webdealta.info\/wp-content\/uploads\/2023\/07\/gobernador-lunes-02-de-julio-webdealta.png","jetpack_sharing_enabled":true,"jetpack_likes_enabled":true,"jetpack-related-posts":[],"jetpack_shortlink":"https:\/\/wp.me\/pcseDn-1Tv","_links":{"self":[{"href":"https:\/\/webdealta.info\/index.php?rest_route=\/wp\/v2\/posts\/7285","targetHints":{"allow":["GET"]}}],"collection":[{"href":"https:\/\/webdealta.info\/index.php?rest_route=\/wp\/v2\/posts"}],"about":[{"href":"https:\/\/webdealta.info\/index.php?rest_route=\/wp\/v2\/types\/post"}],"author":[{"embeddable":true,"href":"https:\/\/webdealta.info\/index.php?rest_route=\/wp\/v2\/users\/2"}],"replies":[{"embeddable":true,"href":"https:\/\/webdealta.info\/index.php?rest_route=%2Fwp%2Fv2%2Fcomments&post=7285"}],"version-history":[{"count":1,"href":"https:\/\/webdealta.info\/index.php?rest_route=\/wp\/v2\/posts\/7285\/revisions"}],"predecessor-version":[{"id":7287,"href":"https:\/\/webdealta.info\/index.php?rest_route=\/wp\/v2\/posts\/7285\/revisions\/7287"}],"wp:featuredmedia":[{"embeddable":true,"href":"https:\/\/webdealta.info\/index.php?rest_route=\/wp\/v2\/media\/7286"}],"wp:attachment":[{"href":"https:\/\/webdealta.info\/index.php?rest_route=%2Fwp%2Fv2%2Fmedia&parent=7285"}],"wp:term":[{"taxonomy":"category","embeddable":true,"href":"https:\/\/webdealta.info\/index.php?rest_route=%2Fwp%2Fv2%2Fcategories&post=7285"},{"taxonomy":"post_tag","embeddable":true,"href":"https:\/\/webdealta.info\/index.php?rest_route=%2Fwp%2Fv2%2Ftags&post=7285"}],"curies":[{"name":"wp","href":"https:\/\/api.w.org\/{rel}","templated":true}]}}