{"id":7269,"date":"2023-07-02T13:27:20","date_gmt":"2023-07-02T17:27:20","guid":{"rendered":"https:\/\/webdealta.info\/?p=7269"},"modified":"2023-07-02T13:27:21","modified_gmt":"2023-07-02T17:27:21","slug":"el-poder-del-conocimiento-el-coloso-un-periodico-gracitano-famoso-en-1915","status":"publish","type":"post","link":"https:\/\/webdealta.info\/?p=7269","title":{"rendered":"El Poder del Conocimiento: El Coloso, un peri\u00f3dico gracitano famoso en 1915"},"content":{"rendered":"\n<p>Amanda Saldivia.-<\/p>\n\n\n\n<p>En el a\u00f1o 1976, en el marco de la celebraci\u00f3n de los 300 a\u00f1os de creaci\u00f3n de la parroquia Nuestra Se\u00f1ora de Altagracia, el Dr. Pedro Natalio Ar\u00e9valo present\u00f3 una de sus obras. La titul\u00f3 El Periodismo en Altagracia de Orituco.<\/p>\n\n\n\n<p>En las p\u00e1ginas preliminares escribi\u00f3 que es \u201cuna peque\u00f1a cr\u00f3nica, que tiene solo como m\u00e9rito el hecho de la paciencia y de la acuciosidad en ir hilvanando a\u00f1o tras a\u00f1o, las noticias fidedignas sobre los peri\u00f3dicos y revistas que se han publicado en esta villa de Altagracia de Orituco desde 1882 hasta 1950\u201d.<\/p>\n\n\n\n<p>Realmente una presentaci\u00f3n sencilla y desde la humildad que caracteriz\u00f3 al Dr. Pedro Natalio Ar\u00e9valo, abogado, periodista, colaborador de medios nacionales y editor de peri\u00f3dicos, tales como El Surco y Cosechas.<\/p>\n\n\n\n<p>La obra El Periodismo en Altagracia de Orituco, tiene gran valor, porque sin ella ser\u00eda dif\u00edcil conocer la historia y nombres de quienes se dedicaron a plasmar en medios impresos el acontecer del Orituco.<\/p>\n\n\n\n<p>Comienza resaltando el peri\u00f3dico La Oriflama del Progreso, cuyo primer ejemplar se imprimi\u00f3 el 12 de agosto de 1882, iniciativa de Jos\u00e9 Antonio Hurtado Mancebo, quien trajo la primera imprenta a esta poblaci\u00f3n.<\/p>\n\n\n\n<p>Entre las curiosidades est\u00e1 un peri\u00f3dico que fue considerado uno de los m\u00e1s peque\u00f1os del mundo. Se llamaba El Coloso. El primer ejemplar sali\u00f3 en junio de 1915 y era firmado por Juan Hidalgo.<\/p>\n\n\n\n<p>El Dr. Pedro Natalio Ar\u00e9valo escribi\u00f3 que su diminuto tama\u00f1o caus\u00f3 revuelo en los c\u00edrculos period\u00edsticos, al punto de que esa primera portada fue publicada por un peri\u00f3dico de Estados Unidos.<\/p>\n\n\n\n<p>El Coloso condens\u00f3 las noticias y opiniones con una fuerza extraordinaria, como se pudo leer en ese primer ejemplar que dec\u00eda Prospecto: Hoy que la decr\u00e9pita Europa desgarra sus est\u00e9riles entra\u00f1as con el fierro que ha estado forjando durante una centuria y detiene el carro de la civilizaci\u00f3n con oc\u00e9anos de l\u00e1grimas y sangre, hoy que levanta su cetro de barbarie y huye desolado el \u00e1ngel de la paz, hoy que reina el crimen y la virtud sucumbe, hoy nace El Colosal\u201d. Esas l\u00edneas en ese diminuto peri\u00f3dico gracitano eran en alusi\u00f3n a los estragos de la Primera Guerra Mundial.<\/p>\n\n\n\n<p>En la fundaci\u00f3n Dr. Pedro Mar\u00eda Ar\u00e9valo est\u00e1 celosamente resguardado en una caja de vidrio uno de los ejemplares de El Coloso, el peri\u00f3dico Colosal, eslogan que identificaba a este diminuto medio impreso gracitano que, con cuatro paginitas, que caus\u00f3 revuelo mundial.<\/p>\n\n\n\n<p>\u00a0@amandasaldivia   <\/p>\n\n\n\n<p><\/p>\n","protected":false},"excerpt":{"rendered":"<p>Amanda Saldivia.- En el a\u00f1o 1976, en el marco de la celebraci\u00f3n de los 300 a\u00f1os de creaci\u00f3n de la parroquia Nuestra Se\u00f1ora de Altagracia, el Dr. Pedro Natalio Ar\u00e9valo present\u00f3 una de sus obras. La titul\u00f3 El Periodismo en Altagracia de Orituco. En las p\u00e1ginas preliminares escribi\u00f3 que es<\/p>\n","protected":false},"author":2,"featured_media":7270,"comment_status":"open","ping_status":"open","sticky":false,"template":"","format":"standard","meta":{"advanced_seo_description":"","jetpack_seo_html_title":"","jetpack_seo_noindex":false,"_jetpack_memberships_contains_paid_content":false,"footnotes":"","jetpack_publicize_message":"","jetpack_publicize_feature_enabled":true,"jetpack_social_post_already_shared":true,"jetpack_social_options":{"image_generator_settings":{"template":"highway","enabled":false},"version":2}},"categories":[302,251],"tags":[8,7,32],"class_list":["post-7269","post","type-post","status-publish","format-standard","has-post-thumbnail","hentry","category-el-poder-del-conocimiento","category-webdealta","tag-altagraciadeorituco","tag-guarico","tag-webdealta",""],"jetpack_publicize_connections":[],"jetpack_featured_media_url":"https:\/\/webdealta.info\/wp-content\/uploads\/2023\/07\/el-coloso-webdealta.png","jetpack_sharing_enabled":true,"jetpack_likes_enabled":true,"jetpack-related-posts":[],"jetpack_shortlink":"https:\/\/wp.me\/pcseDn-1Tf","_links":{"self":[{"href":"https:\/\/webdealta.info\/index.php?rest_route=\/wp\/v2\/posts\/7269","targetHints":{"allow":["GET"]}}],"collection":[{"href":"https:\/\/webdealta.info\/index.php?rest_route=\/wp\/v2\/posts"}],"about":[{"href":"https:\/\/webdealta.info\/index.php?rest_route=\/wp\/v2\/types\/post"}],"author":[{"embeddable":true,"href":"https:\/\/webdealta.info\/index.php?rest_route=\/wp\/v2\/users\/2"}],"replies":[{"embeddable":true,"href":"https:\/\/webdealta.info\/index.php?rest_route=%2Fwp%2Fv2%2Fcomments&post=7269"}],"version-history":[{"count":1,"href":"https:\/\/webdealta.info\/index.php?rest_route=\/wp\/v2\/posts\/7269\/revisions"}],"predecessor-version":[{"id":7271,"href":"https:\/\/webdealta.info\/index.php?rest_route=\/wp\/v2\/posts\/7269\/revisions\/7271"}],"wp:featuredmedia":[{"embeddable":true,"href":"https:\/\/webdealta.info\/index.php?rest_route=\/wp\/v2\/media\/7270"}],"wp:attachment":[{"href":"https:\/\/webdealta.info\/index.php?rest_route=%2Fwp%2Fv2%2Fmedia&parent=7269"}],"wp:term":[{"taxonomy":"category","embeddable":true,"href":"https:\/\/webdealta.info\/index.php?rest_route=%2Fwp%2Fv2%2Fcategories&post=7269"},{"taxonomy":"post_tag","embeddable":true,"href":"https:\/\/webdealta.info\/index.php?rest_route=%2Fwp%2Fv2%2Ftags&post=7269"}],"curies":[{"name":"wp","href":"https:\/\/api.w.org\/{rel}","templated":true}]}}