{"id":7265,"date":"2023-06-30T19:38:14","date_gmt":"2023-06-30T23:38:14","guid":{"rendered":"https:\/\/webdealta.info\/?p=7265"},"modified":"2023-06-30T19:58:41","modified_gmt":"2023-06-30T23:58:41","slug":"orituco-encuentro-regional-dialogando-con-cultores-y-cultoras","status":"publish","type":"post","link":"https:\/\/webdealta.info\/?p=7265","title":{"rendered":"Orituco: encuentro regional Dialogando con Cultores y Cultoras"},"content":{"rendered":"\n<p>El encuentro regional de socializaci\u00f3n del diplomado \u00abDialogando con cultores y cultoras de educaci\u00f3n y pedagog\u00eda afrovenezolana\u00bb, que se llev\u00f3 a cabo en la Unidad Educativa Bolivariana Ezequiel Zamora de la parroquia San Rafael de Orituco, tuvo como objetivo promover el intercambio de conocimientos y experiencias entre los participantes, as\u00ed como fortalecer los lazos de colaboraci\u00f3n y solidaridad entre los cultores y cultoras de la educaci\u00f3n afrovenezolana.<\/p>\n\n\n\n<p>Durante este primer encuentro, que inici\u00f3 este viernes 30 de junio, se llevaron a cabo diversas actividades como ponencias, y presentaciones art\u00edsticas, todos ellos enfocados en resaltar la importancia de la educaci\u00f3n afrovenezolana como herramienta para promover la igualdad, la inclusi\u00f3n y el respeto a la diversidad cultural.<\/p>\n\n\n\n<p>Adem\u00e1s, se abordaron temas como la historia y las ra\u00edces de la educaci\u00f3n afrovenezolana, las pr\u00e1cticas pedag\u00f3gicas y metodol\u00f3gicas utilizadas en esta \u00e1rea, as\u00ed como la promoci\u00f3n de la identidad afrovenezolana y la revalorizaci\u00f3n de sus tradiciones y costumbres.<\/p>\n\n\n\n<p>Este evento cont\u00f3 con la participaci\u00f3n de dos delegaciones provenientes de Apure y Carabobo, educadores, pedagogos, cultores y cultoras de la educaci\u00f3n afrovenezolana, as\u00ed como representantes de instituciones educativas, organizaciones comunitarias.<\/p>\n\n\n\n<p>Destac\u00f3 la presencia del alcalde Pedro Sol\u00f3rzano, quien en sus palabras resalt\u00f3 que \u00abeste municipio est\u00e1 abierto y presto, para que se realicen otros encuentros como este, d\u00f3nde participen todos los estados, y quiero dejar en claro, que nuestro territorio tiene cultura para exportar, y que a trav\u00e9s de estas manifestaciones, forjamos disciplina\u00bb.<\/p>\n\n\n\n<p>El encuentro se dio en un espacio propicio para el intercambio de ideas y experiencias, con el objetivo de fomentar la reflexi\u00f3n y el aprendizaje colectivo. Los participantes compartieron sus conocimientos y pr\u00e1cticas, as\u00ed como propuestas y acciones conjuntas que contribuyen al fortalecimiento de la educaci\u00f3n afrovenezolana en la regi\u00f3n.<\/p>\n\n\n\n<p>Por su parte, la Dra. Carmen Sanz, Coordinadora Nacional del Diplomado \u00abDialogando con cultores y cultoras en Educaci\u00f3n y Pedagog\u00eda Afrovenezolana\u00bb expres\u00f3 que \u201csomos un pueblo multi\u00e9tnico y pluricultural\u00bb, de all\u00ed que esos espacios buscan promover el reconocimiento y la valoraci\u00f3n de la cultura afrovenezolana en el \u00e1mbito educativo, as\u00ed como generar el di\u00e1logo y la reflexi\u00f3n que contribuyan al enriquecimiento de las pr\u00e1cticas pedag\u00f3gicas en este campo.<\/p>\n\n\n\n<p>Prensa alcald\u00eda <\/p>\n\n\n\n<p>Fotograf\u00edas cortes\u00eda   <\/p>\n\n\n\n<p><\/p>\n","protected":false},"excerpt":{"rendered":"<p>El encuentro regional de socializaci\u00f3n del diplomado \u00abDialogando con cultores y cultoras de educaci\u00f3n y pedagog\u00eda afrovenezolana\u00bb, que se llev\u00f3 a cabo en la Unidad Educativa Bolivariana Ezequiel Zamora de la parroquia San Rafael de Orituco, tuvo como objetivo promover el intercambio de conocimientos y experiencias entre los participantes, as\u00ed<\/p>\n","protected":false},"author":2,"featured_media":7266,"comment_status":"open","ping_status":"open","sticky":false,"template":"","format":"standard","meta":{"advanced_seo_description":"","jetpack_seo_html_title":"","jetpack_seo_noindex":false,"_jetpack_memberships_contains_paid_content":false,"footnotes":"","jetpack_publicize_message":"","jetpack_publicize_feature_enabled":true,"jetpack_social_post_already_shared":true,"jetpack_social_options":{"image_generator_settings":{"template":"highway","enabled":false},"version":2}},"categories":[151,251],"tags":[8,7,32],"class_list":["post-7265","post","type-post","status-publish","format-standard","has-post-thumbnail","hentry","category-educacion","category-webdealta","tag-altagraciadeorituco","tag-guarico","tag-webdealta",""],"jetpack_publicize_connections":[],"jetpack_featured_media_url":"https:\/\/webdealta.info\/wp-content\/uploads\/2023\/06\/cultura-webdealta-san-rafael.png","jetpack_sharing_enabled":true,"jetpack_likes_enabled":true,"jetpack-related-posts":[],"jetpack_shortlink":"https:\/\/wp.me\/pcseDn-1Tb","_links":{"self":[{"href":"https:\/\/webdealta.info\/index.php?rest_route=\/wp\/v2\/posts\/7265","targetHints":{"allow":["GET"]}}],"collection":[{"href":"https:\/\/webdealta.info\/index.php?rest_route=\/wp\/v2\/posts"}],"about":[{"href":"https:\/\/webdealta.info\/index.php?rest_route=\/wp\/v2\/types\/post"}],"author":[{"embeddable":true,"href":"https:\/\/webdealta.info\/index.php?rest_route=\/wp\/v2\/users\/2"}],"replies":[{"embeddable":true,"href":"https:\/\/webdealta.info\/index.php?rest_route=%2Fwp%2Fv2%2Fcomments&post=7265"}],"version-history":[{"count":1,"href":"https:\/\/webdealta.info\/index.php?rest_route=\/wp\/v2\/posts\/7265\/revisions"}],"predecessor-version":[{"id":7267,"href":"https:\/\/webdealta.info\/index.php?rest_route=\/wp\/v2\/posts\/7265\/revisions\/7267"}],"wp:featuredmedia":[{"embeddable":true,"href":"https:\/\/webdealta.info\/index.php?rest_route=\/wp\/v2\/media\/7266"}],"wp:attachment":[{"href":"https:\/\/webdealta.info\/index.php?rest_route=%2Fwp%2Fv2%2Fmedia&parent=7265"}],"wp:term":[{"taxonomy":"category","embeddable":true,"href":"https:\/\/webdealta.info\/index.php?rest_route=%2Fwp%2Fv2%2Fcategories&post=7265"},{"taxonomy":"post_tag","embeddable":true,"href":"https:\/\/webdealta.info\/index.php?rest_route=%2Fwp%2Fv2%2Ftags&post=7265"}],"curies":[{"name":"wp","href":"https:\/\/api.w.org\/{rel}","templated":true}]}}