{"id":7257,"date":"2023-06-29T21:48:47","date_gmt":"2023-06-30T01:48:47","guid":{"rendered":"https:\/\/webdealta.info\/?p=7257"},"modified":"2023-06-29T21:48:48","modified_gmt":"2023-06-30T01:48:48","slug":"renovada-directiva-de-sindicato-revolucionario-de-la-alcaldia","status":"publish","type":"post","link":"https:\/\/webdealta.info\/?p=7257","title":{"rendered":"Renovada directiva de Sindicato Revolucionario de la alcald\u00eda"},"content":{"rendered":"\n<p>Amanda Saldivia.-<\/p>\n\n\n\n<p>Luchar por la firma de un contrato colectivo que incluya beneficios sociales, m\u00e1s all\u00e1 de la fijaci\u00f3n del salario m\u00ednimo, es la aspiraci\u00f3n de quienes conforman el Sindicato \u00danico Revolucionario de los Trabajadores y Trabajadoras de la Alcald\u00eda, Contralor\u00eda Municipal y dependencias afines del municipio Jos\u00e9 Tadeo Monagas.<\/p>\n\n\n\n<p>La actualizaci\u00f3n de la directiva se realiz\u00f3 este jueves 29 de junio, en la sede de la Direcci\u00f3n de Servicios P\u00fablicos, ubicada en el sector Saladillo de Altagracia de Orituco, lugar al cual acudieron m\u00e1s de 200 trabajadores para ejercer el derecho al voto con la esperanza de que se generen cambios que permitan mejorar las condiciones laborares.<\/p>\n\n\n\n<p>En el programa Tiempo de Cambios, que se transmite a trav\u00e9s de la emisora Activa 104.9 FM, tres trabajadores dieron a conocer esas aspiraciones, al tiempo que anunciaron los nombres de quienes resultaron electos. Los veceros fueron Luis Leal, Anselmo Gonz\u00e1lez y Sergio Banezca.<\/p>\n\n\n\n<p>La directiva del Sindicato qued\u00f3 integrada de la siguiente manera:<\/p>\n\n\n\n<ul class=\"wp-block-list\">\n<li>Yoal\u00ed Guillen, secretaria General<\/li>\n<\/ul>\n\n\n\n<ul class=\"wp-block-list\">\n<li>Jairo B\u00e1ez, secretario de Organizaci\u00f3n<\/li>\n<\/ul>\n\n\n\n<ul class=\"wp-block-list\">\n<li>Rafael Leal, secretario de Reclamo<\/li>\n<\/ul>\n\n\n\n<ul class=\"wp-block-list\">\n<li>Sergio Banezca, secretario de Actas y Correspondencia<\/li>\n<\/ul>\n\n\n\n<ul class=\"wp-block-list\">\n<li>Sixto B\u00e1ez, secretario de Formaci\u00f3n Laboral<\/li>\n<\/ul>\n\n\n\n<ul class=\"wp-block-list\">\n<li>Mario Blanquez, secretario de Publicidad y Propaganda<\/li>\n<\/ul>\n\n\n\n<ul class=\"wp-block-list\">\n<li>Jos\u00e9 Mesia, secretario de Seguridad e Higiene<\/li>\n<\/ul>\n\n\n\n<ul class=\"wp-block-list\">\n<li>Ysnell Vargas, secretario de Deportes<\/li>\n<\/ul>\n\n\n\n<ul class=\"wp-block-list\">\n<li>Julio Castillo, vocal 1<\/li>\n<\/ul>\n\n\n\n<ul class=\"wp-block-list\">\n<li>Elias Berm\u00fadez, vocal 2<\/li>\n<\/ul>\n\n\n\n<ul class=\"wp-block-list\">\n<li>Ram\u00f3n Palacios, vocal 3<\/li>\n<\/ul>\n\n\n\n<ul class=\"wp-block-list\">\n<li>Dario Mesia, vocal 4<\/li>\n<\/ul>\n\n\n\n<p><strong>Tribunal Disciplinario:<\/strong><\/p>\n\n\n\n<ul class=\"wp-block-list\">\n<li>H\u00e9ctor Malav\u00e9, presidente<\/li>\n<\/ul>\n\n\n\n<ul class=\"wp-block-list\">\n<li>Lisandro D\u00edaz, vicepresidente<\/li>\n<\/ul>\n\n\n\n<ul class=\"wp-block-list\">\n<li>Luis Leal, secretario<\/li>\n<\/ul>\n","protected":false},"excerpt":{"rendered":"<p>Amanda Saldivia.- Luchar por la firma de un contrato colectivo que incluya beneficios sociales, m\u00e1s all\u00e1 de la fijaci\u00f3n del salario m\u00ednimo, es la aspiraci\u00f3n de quienes conforman el Sindicato \u00danico Revolucionario de los Trabajadores y Trabajadoras de la Alcald\u00eda, Contralor\u00eda Municipal y dependencias afines del municipio Jos\u00e9 Tadeo Monagas.<\/p>\n","protected":false},"author":2,"featured_media":7258,"comment_status":"open","ping_status":"open","sticky":false,"template":"","format":"standard","meta":{"advanced_seo_description":"","jetpack_seo_html_title":"","jetpack_seo_noindex":false,"_jetpack_memberships_contains_paid_content":false,"footnotes":"","jetpack_publicize_message":"","jetpack_publicize_feature_enabled":true,"jetpack_social_post_already_shared":true,"jetpack_social_options":{"image_generator_settings":{"template":"highway","enabled":false},"version":2}},"categories":[335,251],"tags":[8,7,32],"class_list":["post-7257","post","type-post","status-publish","format-standard","has-post-thumbnail","hentry","category-locales","category-webdealta","tag-altagraciadeorituco","tag-guarico","tag-webdealta",""],"jetpack_publicize_connections":[],"jetpack_featured_media_url":"https:\/\/webdealta.info\/wp-content\/uploads\/2023\/06\/SINDICATO.png","jetpack_sharing_enabled":true,"jetpack_likes_enabled":true,"jetpack-related-posts":[],"jetpack_shortlink":"https:\/\/wp.me\/pcseDn-1T3","_links":{"self":[{"href":"https:\/\/webdealta.info\/index.php?rest_route=\/wp\/v2\/posts\/7257","targetHints":{"allow":["GET"]}}],"collection":[{"href":"https:\/\/webdealta.info\/index.php?rest_route=\/wp\/v2\/posts"}],"about":[{"href":"https:\/\/webdealta.info\/index.php?rest_route=\/wp\/v2\/types\/post"}],"author":[{"embeddable":true,"href":"https:\/\/webdealta.info\/index.php?rest_route=\/wp\/v2\/users\/2"}],"replies":[{"embeddable":true,"href":"https:\/\/webdealta.info\/index.php?rest_route=%2Fwp%2Fv2%2Fcomments&post=7257"}],"version-history":[{"count":1,"href":"https:\/\/webdealta.info\/index.php?rest_route=\/wp\/v2\/posts\/7257\/revisions"}],"predecessor-version":[{"id":7259,"href":"https:\/\/webdealta.info\/index.php?rest_route=\/wp\/v2\/posts\/7257\/revisions\/7259"}],"wp:featuredmedia":[{"embeddable":true,"href":"https:\/\/webdealta.info\/index.php?rest_route=\/wp\/v2\/media\/7258"}],"wp:attachment":[{"href":"https:\/\/webdealta.info\/index.php?rest_route=%2Fwp%2Fv2%2Fmedia&parent=7257"}],"wp:term":[{"taxonomy":"category","embeddable":true,"href":"https:\/\/webdealta.info\/index.php?rest_route=%2Fwp%2Fv2%2Fcategories&post=7257"},{"taxonomy":"post_tag","embeddable":true,"href":"https:\/\/webdealta.info\/index.php?rest_route=%2Fwp%2Fv2%2Ftags&post=7257"}],"curies":[{"name":"wp","href":"https:\/\/api.w.org\/{rel}","templated":true}]}}