{"id":7249,"date":"2023-06-27T22:54:37","date_gmt":"2023-06-28T02:54:37","guid":{"rendered":"https:\/\/webdealta.info\/?p=7249"},"modified":"2023-06-27T22:54:38","modified_gmt":"2023-06-28T02:54:38","slug":"activa-104-9-fm-celebro-aniversario-y-reconocio-labor-de-periodistas","status":"publish","type":"post","link":"https:\/\/webdealta.info\/?p=7249","title":{"rendered":"Activa 104.9 FM celebr\u00f3 aniversario y reconoci\u00f3 labor de periodistas"},"content":{"rendered":"\n<p>Amanda Saldivia.-<\/p>\n\n\n\n<p>Este 27 de junio, D\u00eda del Periodista, la emisora Activa 104.9 FM de Altagracia de Orituco, aprovech\u00f3 la ocasi\u00f3n para celebrar el aniversario n\u00famero 21 de esa estaci\u00f3n y entregar reconocimiento a los periodistas que laboran en ella, como un est\u00edmulo al ejercicio de la comunicaci\u00f3n social en esta regi\u00f3n del estado Gu\u00e1rico.<\/p>\n\n\n\n<p>La Dra. Nohelia Guti\u00e9rrez, miembro de la Fundaci\u00f3n Radio Activa, mostr\u00f3 a los comunicadores, locutores y personal t\u00e9cnico reunido, la colecci\u00f3n del Correo del Orinoco que forma parte de la biblioteca familiar, como testigo de la importancia de los medios, en particular ese, porque dio origen a la celebraci\u00f3n del D\u00eda del Periodista.<\/p>\n\n\n\n<p>Ley\u00f3 en el pr\u00f3logo de la colecci\u00f3n, editada en 1970, que el primer ejemplar del Correo del Orinoco fue impreso el 27 de junio de 1818 como \u00f3rgano de divulgaci\u00f3n de la gesta de independencia, fundado por El Libertador Sim\u00f3n Bol\u00edvar, en contrapartida con la Gazeta de Caracas, peri\u00f3dico al servicio del r\u00e9gimen espa\u00f1ol.<\/p>\n\n\n\n<p>Posteriormente entreg\u00f3 reconocimientos al licenciado Luis Avil\u00e9z, director de la emisora, as\u00ed como tambi\u00e9n al destacado comunicador Rom\u00e1n Padr\u00f3n, a los periodistas Luisanni Marrero, Manuel Sierra, Yanett Chique, Anabel Ceballos, Amanda Saldivia, Danny Ojeda y Manuel Sosa Constant, estos dos \u00faltimos pr\u00f3ximos a graduarse en esa \u00e1rea profesional.<\/p>\n\n\n\n<p>Para cerrar la celebraci\u00f3n, hubo el tradicional cumplea\u00f1os feliz por aniversario n\u00famero 21 de Activa, emisora que sali\u00f3 al aire el 26 de junio de 2002.<\/p>\n\n\n\n<p>@amandasaldivia  <\/p>\n\n\n\n<p><\/p>\n","protected":false},"excerpt":{"rendered":"<p>Amanda Saldivia.- Este 27 de junio, D\u00eda del Periodista, la emisora Activa 104.9 FM de Altagracia de Orituco, aprovech\u00f3 la ocasi\u00f3n para celebrar el aniversario n\u00famero 21 de esa estaci\u00f3n y entregar reconocimiento a los periodistas que laboran en ella, como un est\u00edmulo al ejercicio de la comunicaci\u00f3n social en<\/p>\n","protected":false},"author":2,"featured_media":7250,"comment_status":"open","ping_status":"open","sticky":false,"template":"","format":"standard","meta":{"advanced_seo_description":"","jetpack_seo_html_title":"","jetpack_seo_noindex":false,"_jetpack_memberships_contains_paid_content":false,"footnotes":"","jetpack_publicize_message":"","jetpack_publicize_feature_enabled":true,"jetpack_social_post_already_shared":true,"jetpack_social_options":{"image_generator_settings":{"template":"highway","enabled":false},"version":2}},"categories":[117,251],"tags":[8,7,32],"class_list":["post-7249","post","type-post","status-publish","format-standard","has-post-thumbnail","hentry","category-celebracion","category-webdealta","tag-altagraciadeorituco","tag-guarico","tag-webdealta",""],"jetpack_publicize_connections":[],"jetpack_featured_media_url":"https:\/\/webdealta.info\/wp-content\/uploads\/2023\/06\/aniversario-activa-webdealta.png","jetpack_sharing_enabled":true,"jetpack_likes_enabled":true,"jetpack-related-posts":[],"jetpack_shortlink":"https:\/\/wp.me\/pcseDn-1SV","_links":{"self":[{"href":"https:\/\/webdealta.info\/index.php?rest_route=\/wp\/v2\/posts\/7249","targetHints":{"allow":["GET"]}}],"collection":[{"href":"https:\/\/webdealta.info\/index.php?rest_route=\/wp\/v2\/posts"}],"about":[{"href":"https:\/\/webdealta.info\/index.php?rest_route=\/wp\/v2\/types\/post"}],"author":[{"embeddable":true,"href":"https:\/\/webdealta.info\/index.php?rest_route=\/wp\/v2\/users\/2"}],"replies":[{"embeddable":true,"href":"https:\/\/webdealta.info\/index.php?rest_route=%2Fwp%2Fv2%2Fcomments&post=7249"}],"version-history":[{"count":1,"href":"https:\/\/webdealta.info\/index.php?rest_route=\/wp\/v2\/posts\/7249\/revisions"}],"predecessor-version":[{"id":7251,"href":"https:\/\/webdealta.info\/index.php?rest_route=\/wp\/v2\/posts\/7249\/revisions\/7251"}],"wp:featuredmedia":[{"embeddable":true,"href":"https:\/\/webdealta.info\/index.php?rest_route=\/wp\/v2\/media\/7250"}],"wp:attachment":[{"href":"https:\/\/webdealta.info\/index.php?rest_route=%2Fwp%2Fv2%2Fmedia&parent=7249"}],"wp:term":[{"taxonomy":"category","embeddable":true,"href":"https:\/\/webdealta.info\/index.php?rest_route=%2Fwp%2Fv2%2Fcategories&post=7249"},{"taxonomy":"post_tag","embeddable":true,"href":"https:\/\/webdealta.info\/index.php?rest_route=%2Fwp%2Fv2%2Ftags&post=7249"}],"curies":[{"name":"wp","href":"https:\/\/api.w.org\/{rel}","templated":true}]}}