{"id":7245,"date":"2023-06-27T22:43:13","date_gmt":"2023-06-28T02:43:13","guid":{"rendered":"https:\/\/webdealta.info\/?p=7245"},"modified":"2023-06-27T22:43:14","modified_gmt":"2023-06-28T02:43:14","slug":"gremio-fortalecido-celebro-dia-del-periodista","status":"publish","type":"post","link":"https:\/\/webdealta.info\/?p=7245","title":{"rendered":"Gremio fortalecido celebr\u00f3 D\u00eda del Periodista"},"content":{"rendered":"\n<p>Amanda Saldivia.-<\/p>\n\n\n\n<p>La celebraci\u00f3n del D\u00eda del Periodista se caracteriz\u00f3 por la uni\u00f3n de los profesionales de la comunicaci\u00f3n social, quienes se reunieron en San Juan de los Morros para compartir este 27 de junio, en medio de un sencillo acto que incluy\u00f3 honores a El Libertador Sim\u00f3n Bol\u00edvar y una Misa de Acci\u00f3n de Gracias, oficiada en la sede del CNP-seccional Gu\u00e1rico.<\/p>\n\n\n\n<p>Entre los aspectos resaltantes de la jornada, estuvo el reencuentro de profesionales de larga trayectoria con las nuevas generaciones de periodistas, que para orgullo del gremio ahora se forman en tierra guarique\u00f1a.<\/p>\n\n\n\n<p>Fue una jornada llena de historias, con la destacada presencia del periodista, abogado y cronista Argenis Ranuarez Angarita, quien a las puertas del CNP recibi\u00f3 a la delegaci\u00f3n de Altagracia de Orituco, integrada por Meriyela Zerpa y la redactora de esta nota para la Web de Altagracia.<\/p>\n\n\n\n<p>Otro hecho significativo, fue que la eucarist\u00eda fue oficiada por el padre V\u00edctor P\u00e9rez Jim\u00e9nez, hijo del periodista gracitano ya fallecido V\u00edctor P\u00e9rez P\u00e9rez, quien se destac\u00f3 por su trabajo en distintos medios de comunicaci\u00f3n social, as\u00ed como tambi\u00e9n por ser uno de los fundadores del gremio en el estado Gu\u00e1rico.<\/p>\n\n\n\n<p>En la homil\u00eda, el padre V\u00edctor P\u00e9rez Jim\u00e9nez record\u00f3 c\u00f3mo pas\u00f3 parte de su ni\u00f1ez en esas instalaciones, al tiempo que mencion\u00f3 el carisma que Dios otorg\u00f3 a cada uno de quienes ejercen esa profesi\u00f3n apegados a la verdad, al ejercicio del bien y en busca de la santidad.<\/p>\n\n\n\n<p>Por su parte, Grevimar Carpavire, directora del Sibci Gu\u00e1rico, tom\u00f3 la palabra en medio de la Misa de Acci\u00f3n de Gracias y reflexion\u00f3 acerca de lo que significa ser periodista \u201cprofesi\u00f3n que elegimos como apostolado para servir a la comunidad, ser voz y expresi\u00f3n de quienes necesitan ser escuchados\u201d.<\/p>\n\n\n\n<p>Asimismo, record\u00f3 que no solo se conmemor\u00f3 el D\u00eda del Periodista venezolano, sino tambi\u00e9n el despertar del gremio que decidi\u00f3 \u201ccohesionarse para una vez m\u00e1s retomar nuestra lucha, por cumplir tantos sue\u00f1os que desde hace varios a\u00f1os hemos tenido, para dar a nuestro gremio y profesi\u00f3n un sitial, reconocimiento, identificaci\u00f3n, valores y beneficios que como profesionales merecemos\u201d.<\/p>\n\n\n\n<p>As\u00ed como hubo reflexi\u00f3n, alegr\u00eda por el reencuentro de profesionales de la comunicaci\u00f3n social, tambi\u00e9n momentos tristeza por los colegas que partieron, entre ellos Alicia Scott Chacin, Al\u00ed Almeida, Omar Carpavire, V\u00edctor P\u00e9rez P\u00e9rez, Miguel Quintana Delgado, Dora G\u00f3mez, Jos\u00e9 Olinto Prieto, V\u00edctor Valdivez, Carlos Ant\u00f3n Az\u00f3car, Jes\u00fas Bandres, Pedro Antonio D\u00edaz, Ram\u00f3n Antonio Delgado, Pedro Felipe D\u00edaz, Homero Flores, Jes\u00fas Guersi, Parminio Gonz\u00e1lez Arzola, Hern\u00e1n Morales, Miguel Moyetones, Jos\u00e9 Salcedo V\u00e1squez, Alirio Ar\u00e9valo y Jairo Alcal\u00e1.<\/p>\n\n\n\n<p>Es importante resaltar, que semanas antes de la celebraci\u00f3n comenz\u00f3 un proceso de recuperaci\u00f3n de las instalaciones del CNP en San Juan de los Morros, lo que permiti\u00f3 fortalecer el gremio, al tiempo que se estrecharon lazos con las autoridades, entre ellos la alcaldesa Sulme \u00c1vila y el gobernador Jos\u00e9 V\u00e1squez, a los fines de viabilizar el apoyo necesario para la ejecuci\u00f3n de los trabajos, los cuales seguir\u00e1n en los d\u00edas sucesivos.<\/p>\n\n\n\n<p>@amandasaldivia<\/p>\n\n\n\n<p>Fotos cortes\u00eda   <\/p>\n\n\n\n<p><\/p>\n","protected":false},"excerpt":{"rendered":"<p>Amanda Saldivia.- La celebraci\u00f3n del D\u00eda del Periodista se caracteriz\u00f3 por la uni\u00f3n de los profesionales de la comunicaci\u00f3n social, quienes se reunieron en San Juan de los Morros para compartir este 27 de junio, en medio de un sencillo acto que incluy\u00f3 honores a El Libertador Sim\u00f3n Bol\u00edvar y<\/p>\n","protected":false},"author":2,"featured_media":7246,"comment_status":"open","ping_status":"open","sticky":false,"template":"","format":"standard","meta":{"advanced_seo_description":"","jetpack_seo_html_title":"","jetpack_seo_noindex":false,"_jetpack_memberships_contains_paid_content":false,"footnotes":"","jetpack_publicize_message":"","jetpack_publicize_feature_enabled":true,"jetpack_social_post_already_shared":true,"jetpack_social_options":{"image_generator_settings":{"template":"highway","enabled":false},"version":2}},"categories":[117,251],"tags":[8,7,32],"class_list":["post-7245","post","type-post","status-publish","format-standard","has-post-thumbnail","hentry","category-celebracion","category-webdealta","tag-altagraciadeorituco","tag-guarico","tag-webdealta",""],"jetpack_publicize_connections":[],"jetpack_featured_media_url":"https:\/\/webdealta.info\/wp-content\/uploads\/2023\/06\/cnp-2023-webdealta.png","jetpack_sharing_enabled":true,"jetpack_likes_enabled":true,"jetpack-related-posts":[],"jetpack_shortlink":"https:\/\/wp.me\/pcseDn-1SR","_links":{"self":[{"href":"https:\/\/webdealta.info\/index.php?rest_route=\/wp\/v2\/posts\/7245","targetHints":{"allow":["GET"]}}],"collection":[{"href":"https:\/\/webdealta.info\/index.php?rest_route=\/wp\/v2\/posts"}],"about":[{"href":"https:\/\/webdealta.info\/index.php?rest_route=\/wp\/v2\/types\/post"}],"author":[{"embeddable":true,"href":"https:\/\/webdealta.info\/index.php?rest_route=\/wp\/v2\/users\/2"}],"replies":[{"embeddable":true,"href":"https:\/\/webdealta.info\/index.php?rest_route=%2Fwp%2Fv2%2Fcomments&post=7245"}],"version-history":[{"count":1,"href":"https:\/\/webdealta.info\/index.php?rest_route=\/wp\/v2\/posts\/7245\/revisions"}],"predecessor-version":[{"id":7247,"href":"https:\/\/webdealta.info\/index.php?rest_route=\/wp\/v2\/posts\/7245\/revisions\/7247"}],"wp:featuredmedia":[{"embeddable":true,"href":"https:\/\/webdealta.info\/index.php?rest_route=\/wp\/v2\/media\/7246"}],"wp:attachment":[{"href":"https:\/\/webdealta.info\/index.php?rest_route=%2Fwp%2Fv2%2Fmedia&parent=7245"}],"wp:term":[{"taxonomy":"category","embeddable":true,"href":"https:\/\/webdealta.info\/index.php?rest_route=%2Fwp%2Fv2%2Fcategories&post=7245"},{"taxonomy":"post_tag","embeddable":true,"href":"https:\/\/webdealta.info\/index.php?rest_route=%2Fwp%2Fv2%2Ftags&post=7245"}],"curies":[{"name":"wp","href":"https:\/\/api.w.org\/{rel}","templated":true}]}}