{"id":7231,"date":"2023-06-25T13:45:43","date_gmt":"2023-06-25T17:45:43","guid":{"rendered":"https:\/\/webdealta.info\/?p=7231"},"modified":"2023-06-25T13:45:44","modified_gmt":"2023-06-25T17:45:44","slug":"cuatro-lesionados-autobus-se-salio-de-la-via","status":"publish","type":"post","link":"https:\/\/webdealta.info\/?p=7231","title":{"rendered":"Cuatro lesionados: autob\u00fas se sali\u00f3 de la v\u00eda"},"content":{"rendered":"\n<p>Amanda Saldivia.-<\/p>\n\n\n\n<p>Producto de un desperfecto mec\u00e1nico una unidad de transporte colectivo, con 21 personas a bordo se sali\u00f3 de la v\u00eda en la troncal 11, a la altura de la quebrada Las Petacas, cercana a San Rafael de Orituco, lo que trajo como consecuencia que cuatro pasajeros resultaran lesionados, lo que amerit\u00f3 que fueran trasladados al hospital Dr. Jos\u00e9 Francisco Torrealba de Altagracia de Orituco.<\/p>\n\n\n\n<p>El accidente se produjo pasada las ocho de la ma\u00f1ana de este domingo 25 de junio, cuando la unidad parti\u00f3 desde Altagracia de Orituco rumbo a Caracas con un total de 21 pasajeros, 15 adultos y 6 ni\u00f1os, estos \u00faltimos todos ilesos, de acuerdo a la informaci\u00f3n aportada por el coronel Denis Dur\u00e1n, comandante del cuerpo de bomberos Andr\u00e9 Fourneau.<\/p>\n\n\n\n<p>Sobre los lesionados, mencion\u00f3 que fueron cuatro, dos mujeres y dos hombres. Precis\u00f3 en la informaci\u00f3n compartida con la Web de Altagracia, que se trat\u00f3 de \u201cuna femenina de 53 a\u00f1os de edad, de nombre Nicolasa Yrazabal, quien present\u00f3 traumatismo a nivel de t\u00f3rax y traumatismo en la extremidad inferior derecha (tobillo), adem\u00e1s un masculino de 20 de edad, con traumatismo cervical; otra femenina de 25 a\u00f1os de edad, de nombre \u00c1mbar Ram\u00edrez, con traumatismo en la extremidad inferior derecha (tobillo) y un masculino de 47 a\u00f1os de edad, de nombre Manuel Quintero, quien present\u00f3 fractura en la extremidad inferior derecha (tibia y peron\u00e9)\u201d.<\/p>\n\n\n\n<p>Respecto a la unidad de transporte, el coronel Denis Dur\u00e1n, se\u00f1al\u00f3 que era \u201cveh\u00edculo colectivo encava placa 08AA0EP, perteneciente a la l\u00ednea Colectivos Altagracia, conducida por el ciudadano Carlos Ramos, quien result\u00f3 ileso\u201d.<\/p>\n\n\n\n<p>En cuanto a las razones del accidente, indic\u00f3 que al parecer fue debido a una falla mec\u00e1nica, lo que trajo como consecuencia que el chofer perdiera el control de la unidad y saliera aproximadamente unos 10 metros de la v\u00eda.<\/p>\n\n\n\n<p>Igualmente, el coronel Dur\u00e1n especific\u00f3 que la labor de los funcionarios consisti\u00f3 en \u201cinmovilizar y estabilizar a los lesionados, siendo traslados al hospital en la unidad ambulancia URI-030 de Protecci\u00f3n Civil, conducida por Oficial III Wilmer Fern\u00e1ndez y la unidad de transporte CB-001, al mando del teniente de bomberos Jos\u00e9 Acosta\u201d.<\/p>\n\n\n\n<p>@amandasaldivia<\/p>\n\n\n\n<p>Fotos cortes\u00eda <\/p>\n\n\n\n<p><\/p>\n\n\n\n<p><\/p>\n","protected":false},"excerpt":{"rendered":"<p>Amanda Saldivia.- Producto de un desperfecto mec\u00e1nico una unidad de transporte colectivo, con 21 personas a bordo se sali\u00f3 de la v\u00eda en la troncal 11, a la altura de la quebrada Las Petacas, cercana a San Rafael de Orituco, lo que trajo como consecuencia que cuatro pasajeros resultaran lesionados,<\/p>\n","protected":false},"author":2,"featured_media":7232,"comment_status":"open","ping_status":"open","sticky":false,"template":"","format":"standard","meta":{"advanced_seo_description":"","jetpack_seo_html_title":"","jetpack_seo_noindex":false,"_jetpack_memberships_contains_paid_content":false,"footnotes":"","jetpack_publicize_message":"","jetpack_publicize_feature_enabled":true,"jetpack_social_post_already_shared":true,"jetpack_social_options":{"image_generator_settings":{"template":"highway","enabled":false},"version":2}},"categories":[159,251],"tags":[8,7,32],"class_list":["post-7231","post","type-post","status-publish","format-standard","has-post-thumbnail","hentry","category-accidente","category-webdealta","tag-altagraciadeorituco","tag-guarico","tag-webdealta",""],"jetpack_publicize_connections":[],"jetpack_featured_media_url":"https:\/\/webdealta.info\/wp-content\/uploads\/2023\/06\/accidente-25-de-junio-webdealta.png","jetpack_sharing_enabled":true,"jetpack_likes_enabled":true,"jetpack-related-posts":[],"jetpack_shortlink":"https:\/\/wp.me\/pcseDn-1SD","_links":{"self":[{"href":"https:\/\/webdealta.info\/index.php?rest_route=\/wp\/v2\/posts\/7231","targetHints":{"allow":["GET"]}}],"collection":[{"href":"https:\/\/webdealta.info\/index.php?rest_route=\/wp\/v2\/posts"}],"about":[{"href":"https:\/\/webdealta.info\/index.php?rest_route=\/wp\/v2\/types\/post"}],"author":[{"embeddable":true,"href":"https:\/\/webdealta.info\/index.php?rest_route=\/wp\/v2\/users\/2"}],"replies":[{"embeddable":true,"href":"https:\/\/webdealta.info\/index.php?rest_route=%2Fwp%2Fv2%2Fcomments&post=7231"}],"version-history":[{"count":1,"href":"https:\/\/webdealta.info\/index.php?rest_route=\/wp\/v2\/posts\/7231\/revisions"}],"predecessor-version":[{"id":7233,"href":"https:\/\/webdealta.info\/index.php?rest_route=\/wp\/v2\/posts\/7231\/revisions\/7233"}],"wp:featuredmedia":[{"embeddable":true,"href":"https:\/\/webdealta.info\/index.php?rest_route=\/wp\/v2\/media\/7232"}],"wp:attachment":[{"href":"https:\/\/webdealta.info\/index.php?rest_route=%2Fwp%2Fv2%2Fmedia&parent=7231"}],"wp:term":[{"taxonomy":"category","embeddable":true,"href":"https:\/\/webdealta.info\/index.php?rest_route=%2Fwp%2Fv2%2Fcategories&post=7231"},{"taxonomy":"post_tag","embeddable":true,"href":"https:\/\/webdealta.info\/index.php?rest_route=%2Fwp%2Fv2%2Ftags&post=7231"}],"curies":[{"name":"wp","href":"https:\/\/api.w.org\/{rel}","templated":true}]}}