{"id":7227,"date":"2023-06-24T18:26:03","date_gmt":"2023-06-24T22:26:03","guid":{"rendered":"https:\/\/webdealta.info\/?p=7227"},"modified":"2023-06-24T18:26:09","modified_gmt":"2023-06-24T22:26:09","slug":"conmemoraron-los-202-anos-de-la-batalla-de-carabobo","status":"publish","type":"post","link":"https:\/\/webdealta.info\/?p=7227","title":{"rendered":"Conmemoraron los 202 a\u00f1os de la Batalla de Carabobo"},"content":{"rendered":"\n<p>Prensa alcald\u00eda.-<\/p>\n\n\n\n<p>La Alcald\u00eda del municipio Jos\u00e9 Tadeo Monagas conmemor\u00f3 los 202 a\u00f1os de la hist\u00f3rica Batalla de Carabobo, evento que sell\u00f3 la independencia de Venezuela, con un acto c\u00edvico militar realizado en la plaza Bol\u00edvar de Altagracia de Orituco, este s\u00e1bado 24 de junio.<\/p>\n\n\n\n<p>La actividad cont\u00f3 con la presencia del Alcalde Pedro Sol\u00f3rzano, el concejla Julio Silvera, presidente de la C\u00e1mara Municipal; el coronel Manuel Alberto Araque Zambrano, Comandante de la ADI 355 Tamanaco; el mayor Wilmfrank Tayupe, comandante del 296 GADAA, Susana Sayeth Directora del Centro de Desarrollo Educativo Monagas, representantes de los cuerpos de seguridad y directivos de la alcald\u00eda.<\/p>\n\n\n\n<p>Durante las palabras del magister Henry P\u00e9rez, quien cumpli\u00f3 como orador de orden, realiz\u00f3 un recorrido por la historia patri\u00f3tica del 24 de junio de 1821, destacando la valent\u00eda y entrega de nuestros h\u00e9roes y hero\u00ednas de la independencia. Asimismo, resalt\u00f3 la importancia de mantener viva la memoria de nuestros antepasados y luchar por seguir construyendo un pa\u00eds libre y soberano.<\/p>\n\n\n\n<p>En este mismo sentido, el alcalde Pedro Sol\u00f3rzano reafirm\u00f3 su compromiso con la historia y la cultura de nuestro pa\u00eds, promoviendo siempre la unidad, el respeto y la paz entre todos los ciudadanos, \u201cel d\u00eda hoy hacemos conmemoraci\u00f3n de los 202 a\u00f1os de la batallad e Carabobo y el d\u00eda del ej\u00e9rcito, y cabe destacar que el ej\u00e9rcito bolivariano ha sido el \u00fanico que sali\u00f3 de sus fronteras para libera la poblaci\u00f3n. Ej\u00e9rcito Patriota, Ej\u00e9rcito Libertador, Ej\u00e9rcito Bolivariano reconocimiento todos ustedes en su d\u00eda. Debemos generar conciencia hist\u00f3rica en nuestra poblaci\u00f3n con formaci\u00f3n constante\u201d.<\/p>\n\n\n\n<p>La Milicia Bolivariana, Guardia Nacional, Comando Rurales, Polic\u00eda Nacional Bolivariana, Cuerpo de bomberos formaron parte de la actividad conmemorativa a los 202 a\u00f1os de la batalla de Carabobo.<\/p>\n\n\n\n<p>Las agrupaciones de desfiles de las diferentes instituciones educativas del Orituco como, U.E. C General\u00edsimo Francisco de Miranda, U.E Jos\u00e9 Francisco Torrealba, U.E Luisa Rojas de Gonz\u00e1lez, U.E.C Nuestra Se\u00f1ora de Altagracia. U.E.C San Pablo Ap\u00f3stol y Liceo Nocturno Pedro Mar\u00eda Ar\u00e9valo recibieron reconocimiento por su participaci\u00f3n en el acto C\u00edvico Militar.  <\/p>\n\n\n\n<p><\/p>\n","protected":false},"excerpt":{"rendered":"<p>Prensa alcald\u00eda.- La Alcald\u00eda del municipio Jos\u00e9 Tadeo Monagas conmemor\u00f3 los 202 a\u00f1os de la hist\u00f3rica Batalla de Carabobo, evento que sell\u00f3 la independencia de Venezuela, con un acto c\u00edvico militar realizado en la plaza Bol\u00edvar de Altagracia de Orituco, este s\u00e1bado 24 de junio. La actividad cont\u00f3 con la<\/p>\n","protected":false},"author":2,"featured_media":7228,"comment_status":"open","ping_status":"open","sticky":false,"template":"","format":"standard","meta":{"advanced_seo_description":"","jetpack_seo_html_title":"","jetpack_seo_noindex":false,"_jetpack_memberships_contains_paid_content":false,"footnotes":"","jetpack_publicize_message":"","jetpack_publicize_feature_enabled":true,"jetpack_social_post_already_shared":true,"jetpack_social_options":{"image_generator_settings":{"template":"highway","enabled":false},"version":2}},"categories":[335,251],"tags":[8,7,32],"class_list":["post-7227","post","type-post","status-publish","format-standard","has-post-thumbnail","hentry","category-locales","category-webdealta","tag-altagraciadeorituco","tag-guarico","tag-webdealta",""],"jetpack_publicize_connections":[],"jetpack_featured_media_url":"https:\/\/webdealta.info\/wp-content\/uploads\/2023\/06\/202-webdealta.png","jetpack_sharing_enabled":true,"jetpack_likes_enabled":true,"jetpack-related-posts":[],"jetpack_shortlink":"https:\/\/wp.me\/pcseDn-1Sz","_links":{"self":[{"href":"https:\/\/webdealta.info\/index.php?rest_route=\/wp\/v2\/posts\/7227","targetHints":{"allow":["GET"]}}],"collection":[{"href":"https:\/\/webdealta.info\/index.php?rest_route=\/wp\/v2\/posts"}],"about":[{"href":"https:\/\/webdealta.info\/index.php?rest_route=\/wp\/v2\/types\/post"}],"author":[{"embeddable":true,"href":"https:\/\/webdealta.info\/index.php?rest_route=\/wp\/v2\/users\/2"}],"replies":[{"embeddable":true,"href":"https:\/\/webdealta.info\/index.php?rest_route=%2Fwp%2Fv2%2Fcomments&post=7227"}],"version-history":[{"count":1,"href":"https:\/\/webdealta.info\/index.php?rest_route=\/wp\/v2\/posts\/7227\/revisions"}],"predecessor-version":[{"id":7229,"href":"https:\/\/webdealta.info\/index.php?rest_route=\/wp\/v2\/posts\/7227\/revisions\/7229"}],"wp:featuredmedia":[{"embeddable":true,"href":"https:\/\/webdealta.info\/index.php?rest_route=\/wp\/v2\/media\/7228"}],"wp:attachment":[{"href":"https:\/\/webdealta.info\/index.php?rest_route=%2Fwp%2Fv2%2Fmedia&parent=7227"}],"wp:term":[{"taxonomy":"category","embeddable":true,"href":"https:\/\/webdealta.info\/index.php?rest_route=%2Fwp%2Fv2%2Fcategories&post=7227"},{"taxonomy":"post_tag","embeddable":true,"href":"https:\/\/webdealta.info\/index.php?rest_route=%2Fwp%2Fv2%2Ftags&post=7227"}],"curies":[{"name":"wp","href":"https:\/\/api.w.org\/{rel}","templated":true}]}}