{"id":7221,"date":"2023-06-22T20:47:15","date_gmt":"2023-06-23T00:47:15","guid":{"rendered":"https:\/\/webdealta.info\/?p=7221"},"modified":"2023-06-22T21:17:18","modified_gmt":"2023-06-23T01:17:18","slug":"en-el-orituco-inicia-festividad-en-honor-a-san-juan-bautista","status":"publish","type":"post","link":"https:\/\/webdealta.info\/?p=7221","title":{"rendered":"En el Orituco inicia festividad en honor a San Juan Bautista"},"content":{"rendered":"\n<p>Amanda Saldivia.-<\/p>\n\n\n\n<p>Desde este viernes 23 de junio, v\u00edspera de San Juan Bautista, se sentir\u00e1n con m\u00e1s fuerza las tradiciones del municipio Monagas por medio de los Kimb\u00e1nganos de Lezama y de San Rafael, as\u00ed como tambi\u00e9n las distintas variantes del tambor del Orituco con luceros, jinca, guara\u00f1as y mariselas, para pedir al Santo salud y buenas cosechas.<\/p>\n\n\n\n<p>Milagros Sierra, una de las organizadoras de la festividad en Lezama, en un contacto telef\u00f3nico con el programa Tiempo de Cambios por Activa 104.9 FM, se\u00f1al\u00f3 que este viernes 23 de junio, a partir de las 6:00 pm, comienza el bailorio a San Juan Bautista en la Casa Amarilla, para proseguir el s\u00e1bado 24 con la eucarist\u00eda a las 10:00 am y posteriormente el recorrido de los Negros Kimb\u00e1nganos por las diferentes calles de esa poblaci\u00f3n.<\/p>\n\n\n\n<p>Asimismo, invit\u00f3 para el encuentro cultural que se celebrar\u00e1 el domingo 25, a partir de las 10:00 am, con la participaci\u00f3n de los Kimb\u00e1nganos de San Rafael, de Lezama, la agrupaci\u00f3n de Danzas Venezuela Viva, los Hermanos Landaeta y el Tambor de Chimborazo.<\/p>\n\n\n\n<p>Es importante resaltar, que en el contacto telef\u00f3nico tambi\u00e9n particip\u00f3 Tita Marrero, cultora de los Negros Kimb\u00e1nganos, quien invit\u00f3 a la festividad de honor a San Juan Bautista en Lezama, al tiempo que afirm\u00f3 que naci\u00f3 con esta tradici\u00f3n y morir\u00e1 alabando al Santo como lo hac\u00edan sus ancestros.<\/p>\n\n\n\n<p><strong>Altagracia tambi\u00e9n celebra<\/strong><\/p>\n\n\n\n<p>En Altagracia tambi\u00e9n habr\u00e1 celebraci\u00f3n en honor a San Juan Bautista. Una de ellas es organizada por la fundaci\u00f3n Del Mismo Pueblo, presidida por Jos\u00e9 Reyes, quien en ese mismo espacio radial difundi\u00f3 la programaci\u00f3n que tendr\u00e1n para el pr\u00f3ximo 24 de junio.<\/p>\n\n\n\n<p>Al respecto, precis\u00f3 que comienzan el recorrido desde la calle Libertad Norte rumbo al sur, con diferentes paradas, hasta llegar a la iglesia San Jos\u00e9 Obrero, donde habr\u00e1 una Santa Misa oficiada por el padre Luis M\u00e1rquez y el encuentro de las im\u00e1genes de San Juan de distintos sectores, con el acompa\u00f1amiento de la Fundaci\u00f3n de Artes Esc\u00e9nicas Santa B\u00e1rbara, presidida por Jean Castrillo.<\/p>\n\n\n\n<p>Sobre la programaci\u00f3n, dijo que por segundo a\u00f1o consecutivo realizan el recorrido y actividades en la iglesia de Banco Obrero, como parte del realce a esta tradici\u00f3n arraigada en el Orituco y con la finalidad de que las nuevas generaciones se incorporen a difundirla.<\/p>\n\n\n\n<p>Por su parte, la fundaci\u00f3n  cultural Chimborazo tendr\u00e1n para el pr\u00f3ximo s\u00e1bado 24 de junio, un Alegre Despertar con fuegos artificiales y el paseo c\u00edvico con la Banda Municipal, a las 9:00 am la Misa en honor a San Juan Bautista en el Iglesia Nuestra Se\u00f1ora de Altagracia, a las 10:00 am la procesi\u00f3n con repique de tambor hasta el sector, juegos tradicionales y brindis por los 31 a\u00f1os de esa organizaci\u00f3n.<\/p>\n\n\n\n<p>@amandasaldivia  <\/p>\n\n\n\n<p><\/p>\n","protected":false},"excerpt":{"rendered":"<p>Amanda Saldivia.- Desde este viernes 23 de junio, v\u00edspera de San Juan Bautista, se sentir\u00e1n con m\u00e1s fuerza las tradiciones del municipio Monagas por medio de los Kimb\u00e1nganos de Lezama y de San Rafael, as\u00ed como tambi\u00e9n las distintas variantes del tambor del Orituco con luceros, jinca, guara\u00f1as y mariselas,<\/p>\n","protected":false},"author":2,"featured_media":7222,"comment_status":"open","ping_status":"open","sticky":false,"template":"","format":"standard","meta":{"advanced_seo_description":"","jetpack_seo_html_title":"","jetpack_seo_noindex":false,"_jetpack_memberships_contains_paid_content":false,"footnotes":"","jetpack_publicize_message":"","jetpack_publicize_feature_enabled":true,"jetpack_social_post_already_shared":true,"jetpack_social_options":{"image_generator_settings":{"template":"highway","enabled":false},"version":2}},"categories":[117,251],"tags":[8,7,32],"class_list":["post-7221","post","type-post","status-publish","format-standard","has-post-thumbnail","hentry","category-celebracion","category-webdealta","tag-altagraciadeorituco","tag-guarico","tag-webdealta",""],"jetpack_publicize_connections":[],"jetpack_featured_media_url":"https:\/\/webdealta.info\/wp-content\/uploads\/2023\/06\/san-juan-webdealta-2023.png","jetpack_sharing_enabled":true,"jetpack_likes_enabled":true,"jetpack-related-posts":[],"jetpack_shortlink":"https:\/\/wp.me\/pcseDn-1St","_links":{"self":[{"href":"https:\/\/webdealta.info\/index.php?rest_route=\/wp\/v2\/posts\/7221","targetHints":{"allow":["GET"]}}],"collection":[{"href":"https:\/\/webdealta.info\/index.php?rest_route=\/wp\/v2\/posts"}],"about":[{"href":"https:\/\/webdealta.info\/index.php?rest_route=\/wp\/v2\/types\/post"}],"author":[{"embeddable":true,"href":"https:\/\/webdealta.info\/index.php?rest_route=\/wp\/v2\/users\/2"}],"replies":[{"embeddable":true,"href":"https:\/\/webdealta.info\/index.php?rest_route=%2Fwp%2Fv2%2Fcomments&post=7221"}],"version-history":[{"count":2,"href":"https:\/\/webdealta.info\/index.php?rest_route=\/wp\/v2\/posts\/7221\/revisions"}],"predecessor-version":[{"id":7225,"href":"https:\/\/webdealta.info\/index.php?rest_route=\/wp\/v2\/posts\/7221\/revisions\/7225"}],"wp:featuredmedia":[{"embeddable":true,"href":"https:\/\/webdealta.info\/index.php?rest_route=\/wp\/v2\/media\/7222"}],"wp:attachment":[{"href":"https:\/\/webdealta.info\/index.php?rest_route=%2Fwp%2Fv2%2Fmedia&parent=7221"}],"wp:term":[{"taxonomy":"category","embeddable":true,"href":"https:\/\/webdealta.info\/index.php?rest_route=%2Fwp%2Fv2%2Fcategories&post=7221"},{"taxonomy":"post_tag","embeddable":true,"href":"https:\/\/webdealta.info\/index.php?rest_route=%2Fwp%2Fv2%2Ftags&post=7221"}],"curies":[{"name":"wp","href":"https:\/\/api.w.org\/{rel}","templated":true}]}}